{"id":732,"date":"2022-05-12T20:00:04","date_gmt":"2022-05-12T23:00:04","guid":{"rendered":"https:\/\/www.aocbmma.com.br\/?p=732"},"modified":"2022-05-12T20:01:53","modified_gmt":"2022-05-12T23:01:53","slug":"aocbmma-completa-21-anos","status":"publish","type":"post","link":"https:\/\/www.aocbmma.com.br\/index.php\/2022\/05\/12\/aocbmma-completa-21-anos\/","title":{"rendered":"AOCBMMA COMPLETA 21 ANOS"},"content":{"rendered":"<p>H\u00e1 21 anos, trinta e sete oficiais do Corpo de Bombeiros Militar do Maranh\u00e3o com apoio do Coronel Pedro Paulo Pereira Oliveira, ent\u00e3o Comandante-geral da Corpora\u00e7\u00e3o, fundaram a Associa\u00e7\u00e3o dos Oficiais do Corpo de Bombeiros Militar do Maranh\u00e3o.<\/p>\n<p>A entidade foi criada com o objetivo promover atividades culturais e esportivas,<br \/>\nbuscar o interesse coletivo e representar a classe de oficiais.<\/p>\n<p>Passadas mais de duas d\u00e9cadas, a AOCBM ganhou espa\u00e7o como entidade representativa n\u00e3o s\u00f3 dos Bombeiros Militares, mas tamb\u00e9m dos Policiais Militres, que por sinal, somos honrados em t\u00ea-los como nossos aliados nessa frente.<\/p>\n<p>A valoriza\u00e7\u00e3o da nossa classe \u00e9 uma batalha constante, a din\u00e2mica legislativa e pol\u00edtica nos determinam a sermos eternos  sentinelas em defesa da nossa profiss\u00e3o.<\/p>\n<p>Temos a consci\u00eancia de que esse \u00e9 o  verdadeiro sentido da Entidade e que muitas batalhas ainda vir\u00e3o. Mas, em todas elas, estaremos firmes em busca deste importante papel de defender e  fortalecer todos aqueles que representamos.<\/p>\n<p>Parab\u00e9ns Associados, parab\u00e9ns Associa\u00e7\u00e3o dos Oficiais do Corpo de Bombeiros Militar do Maranh\u00e3o pelo seu 21\u00b0 anivers\u00e1rio.<\/p>\n","protected":false},"excerpt":{"rendered":"<p>H\u00e1 21 anos, trinta e sete oficiais do Corpo de Bombeiros Militar do Maranh\u00e3o com apoio do Coronel Pedro Paulo Pereira Oliveira, ent\u00e3o Comandante-geral da Corpora\u00e7\u00e3o, fundaram a Associa\u00e7\u00e3o dos Oficiais do Corpo de Bombeiros Militar do Maranh\u00e3o. A entidade foi criada com o objetivo promover atividades culturais e esportivas, buscar o interesse coletivo e [&hellip;]<\/p>\n","protected":false},"author":1,"featured_media":734,"comment_status":"open","ping_status":"open","sticky":false,"template":"","format":"standard","meta":{"om_disable_all_campaigns":false,"_monsterinsights_skip_tracking":false,"_monsterinsights_sitenote_active":false,"_monsterinsights_sitenote_note":"","_monsterinsights_sitenote_category":0,"footnotes":""},"categories":[2],"tags":[],"class_list":["post-732","post","type-post","status-publish","format-standard","has-post-thumbnail","hentry","category-noticia"],"aioseo_notices":[],"yoast_head":"<!-- This site is optimized with the Yoast SEO plugin v27.4 - https:\/\/yoast.com\/product\/yoast-seo-wordpress\/ -->\n<title>AOCBMMA COMPLETA 21 ANOS | AOCBMMA | Associa\u00e7\u00e3o dos Oficiais do Corpo de Bombeiros Militar do Maranh\u00e3o<\/title>\n<meta name=\"robots\" content=\"index, follow, max-snippet:-1, max-image-preview:large, max-video-preview:-1\" \/>\n<link rel=\"canonical\" href=\"https:\/\/www.aocbmma.com.br\/index.php\/2022\/05\/12\/aocbmma-completa-21-anos\/\" \/>\n<meta property=\"og:locale\" content=\"pt_BR\" \/>\n<meta property=\"og:type\" content=\"article\" \/>\n<meta property=\"og:title\" content=\"AOCBMMA COMPLETA 21 ANOS | AOCBMMA | Associa\u00e7\u00e3o dos Oficiais do Corpo de Bombeiros Militar do Maranh\u00e3o\" \/>\n<meta property=\"og:description\" content=\"H\u00e1 21 anos, trinta e sete oficiais do Corpo de Bombeiros Militar do Maranh\u00e3o com apoio do Coronel Pedro Paulo Pereira Oliveira, ent\u00e3o Comandante-geral da Corpora\u00e7\u00e3o, fundaram a Associa\u00e7\u00e3o dos Oficiais do Corpo de Bombeiros Militar do Maranh\u00e3o. A entidade foi criada com o objetivo promover atividades culturais e esportivas, buscar o interesse coletivo e [&hellip;]\" \/>\n<meta property=\"og:url\" content=\"https:\/\/www.aocbmma.com.br\/index.php\/2022\/05\/12\/aocbmma-completa-21-anos\/\" \/>\n<meta property=\"og:site_name\" content=\"AOCBMMA | Associa\u00e7\u00e3o dos Oficiais do Corpo de Bombeiros Militar do Maranh\u00e3o\" \/>\n<meta property=\"article:publisher\" content=\"https:\/\/www.facebook.com\/cobm.ma\" \/>\n<meta property=\"article:published_time\" content=\"2022-05-12T23:00:04+00:00\" \/>\n<meta property=\"article:modified_time\" content=\"2022-05-12T23:01:53+00:00\" \/>\n<meta property=\"og:image\" content=\"https:\/\/www.aocbmma.com.br\/wp-content\/uploads\/2022\/05\/IMG-20220512-WA0033.jpg\" \/>\n\t<meta property=\"og:image:width\" content=\"1080\" \/>\n\t<meta property=\"og:image:height\" content=\"1080\" \/>\n\t<meta property=\"og:image:type\" content=\"image\/jpeg\" \/>\n<meta name=\"author\" content=\"Major Arag\u00e3o\" \/>\n<meta name=\"twitter:card\" content=\"summary_large_image\" \/>\n<meta name=\"twitter:label1\" content=\"Escrito por\" \/>\n\t<meta name=\"twitter:data1\" content=\"Major Arag\u00e3o\" \/>\n\t<meta name=\"twitter:label2\" content=\"Est. tempo de leitura\" \/>\n\t<meta name=\"twitter:data2\" content=\"1 minuto\" \/>\n<script type=\"application\/ld+json\" class=\"yoast-schema-graph\">{\"@context\":\"https:\\\/\\\/schema.org\",\"@graph\":[{\"@type\":\"Article\",\"@id\":\"https:\\\/\\\/www.aocbmma.com.br\\\/index.php\\\/2022\\\/05\\\/12\\\/aocbmma-completa-21-anos\\\/#article\",\"isPartOf\":{\"@id\":\"https:\\\/\\\/www.aocbmma.com.br\\\/index.php\\\/2022\\\/05\\\/12\\\/aocbmma-completa-21-anos\\\/\"},\"author\":{\"name\":\"Major Arag\u00e3o\",\"@id\":\"https:\\\/\\\/www.aocbmma.com.br\\\/#\\\/schema\\\/person\\\/a1ba16bfa5fbe32ee12aceb27c7f142d\"},\"headline\":\"AOCBMMA COMPLETA 21 ANOS\",\"datePublished\":\"2022-05-12T23:00:04+00:00\",\"dateModified\":\"2022-05-12T23:01:53+00:00\",\"mainEntityOfPage\":{\"@id\":\"https:\\\/\\\/www.aocbmma.com.br\\\/index.php\\\/2022\\\/05\\\/12\\\/aocbmma-completa-21-anos\\\/\"},\"wordCount\":193,\"commentCount\":0,\"publisher\":{\"@id\":\"https:\\\/\\\/www.aocbmma.com.br\\\/#organization\"},\"image\":{\"@id\":\"https:\\\/\\\/www.aocbmma.com.br\\\/index.php\\\/2022\\\/05\\\/12\\\/aocbmma-completa-21-anos\\\/#primaryimage\"},\"thumbnailUrl\":\"https:\\\/\\\/www.aocbmma.com.br\\\/wp-content\\\/uploads\\\/2022\\\/05\\\/IMG-20220512-WA0033.jpg\",\"articleSection\":[\"not\u00edcia\"],\"inLanguage\":\"pt-BR\",\"potentialAction\":[{\"@type\":\"CommentAction\",\"name\":\"Comment\",\"target\":[\"https:\\\/\\\/www.aocbmma.com.br\\\/index.php\\\/2022\\\/05\\\/12\\\/aocbmma-completa-21-anos\\\/#respond\"]}]},{\"@type\":\"WebPage\",\"@id\":\"https:\\\/\\\/www.aocbmma.com.br\\\/index.php\\\/2022\\\/05\\\/12\\\/aocbmma-completa-21-anos\\\/\",\"url\":\"https:\\\/\\\/www.aocbmma.com.br\\\/index.php\\\/2022\\\/05\\\/12\\\/aocbmma-completa-21-anos\\\/\",\"name\":\"AOCBMMA COMPLETA 21 ANOS | AOCBMMA | Associa\u00e7\u00e3o dos Oficiais do Corpo de Bombeiros Militar do Maranh\u00e3o\",\"isPartOf\":{\"@id\":\"https:\\\/\\\/www.aocbmma.com.br\\\/#website\"},\"primaryImageOfPage\":{\"@id\":\"https:\\\/\\\/www.aocbmma.com.br\\\/index.php\\\/2022\\\/05\\\/12\\\/aocbmma-completa-21-anos\\\/#primaryimage\"},\"image\":{\"@id\":\"https:\\\/\\\/www.aocbmma.com.br\\\/index.php\\\/2022\\\/05\\\/12\\\/aocbmma-completa-21-anos\\\/#primaryimage\"},\"thumbnailUrl\":\"https:\\\/\\\/www.aocbmma.com.br\\\/wp-content\\\/uploads\\\/2022\\\/05\\\/IMG-20220512-WA0033.jpg\",\"datePublished\":\"2022-05-12T23:00:04+00:00\",\"dateModified\":\"2022-05-12T23:01:53+00:00\",\"breadcrumb\":{\"@id\":\"https:\\\/\\\/www.aocbmma.com.br\\\/index.php\\\/2022\\\/05\\\/12\\\/aocbmma-completa-21-anos\\\/#breadcrumb\"},\"inLanguage\":\"pt-BR\",\"potentialAction\":[{\"@type\":\"ReadAction\",\"target\":[\"https:\\\/\\\/www.aocbmma.com.br\\\/index.php\\\/2022\\\/05\\\/12\\\/aocbmma-completa-21-anos\\\/\"]}]},{\"@type\":\"ImageObject\",\"inLanguage\":\"pt-BR\",\"@id\":\"https:\\\/\\\/www.aocbmma.com.br\\\/index.php\\\/2022\\\/05\\\/12\\\/aocbmma-completa-21-anos\\\/#primaryimage\",\"url\":\"https:\\\/\\\/www.aocbmma.com.br\\\/wp-content\\\/uploads\\\/2022\\\/05\\\/IMG-20220512-WA0033.jpg\",\"contentUrl\":\"https:\\\/\\\/www.aocbmma.com.br\\\/wp-content\\\/uploads\\\/2022\\\/05\\\/IMG-20220512-WA0033.jpg\",\"width\":1080,\"height\":1080},{\"@type\":\"BreadcrumbList\",\"@id\":\"https:\\\/\\\/www.aocbmma.com.br\\\/index.php\\\/2022\\\/05\\\/12\\\/aocbmma-completa-21-anos\\\/#breadcrumb\",\"itemListElement\":[{\"@type\":\"ListItem\",\"position\":1,\"name\":\"In\u00edcio\",\"item\":\"https:\\\/\\\/www.aocbmma.com.br\\\/\"},{\"@type\":\"ListItem\",\"position\":2,\"name\":\"AOCBMMA COMPLETA 21 ANOS\"}]},{\"@type\":\"WebSite\",\"@id\":\"https:\\\/\\\/www.aocbmma.com.br\\\/#website\",\"url\":\"https:\\\/\\\/www.aocbmma.com.br\\\/\",\"name\":\"AOCBMMA\",\"description\":\"\",\"publisher\":{\"@id\":\"https:\\\/\\\/www.aocbmma.com.br\\\/#organization\"},\"potentialAction\":[{\"@type\":\"SearchAction\",\"target\":{\"@type\":\"EntryPoint\",\"urlTemplate\":\"https:\\\/\\\/www.aocbmma.com.br\\\/?s={search_term_string}\"},\"query-input\":{\"@type\":\"PropertyValueSpecification\",\"valueRequired\":true,\"valueName\":\"search_term_string\"}}],\"inLanguage\":\"pt-BR\"},{\"@type\":\"Organization\",\"@id\":\"https:\\\/\\\/www.aocbmma.com.br\\\/#organization\",\"name\":\"Associa\u00e7\u00e3o dos Oficiais do Corpo de Bombeiros Militar do Maranh\u00e3o\",\"url\":\"https:\\\/\\\/www.aocbmma.com.br\\\/\",\"logo\":{\"@type\":\"ImageObject\",\"inLanguage\":\"pt-BR\",\"@id\":\"https:\\\/\\\/www.aocbmma.com.br\\\/#\\\/schema\\\/logo\\\/image\\\/\",\"url\":\"https:\\\/\\\/www.aocbmma.com.br\\\/wp-content\\\/uploads\\\/2019\\\/05\\\/brasao-grande.png\",\"contentUrl\":\"https:\\\/\\\/www.aocbmma.com.br\\\/wp-content\\\/uploads\\\/2019\\\/05\\\/brasao-grande.png\",\"width\":1154,\"height\":1155,\"caption\":\"Associa\u00e7\u00e3o dos Oficiais do Corpo de Bombeiros Militar do Maranh\u00e3o\"},\"image\":{\"@id\":\"https:\\\/\\\/www.aocbmma.com.br\\\/#\\\/schema\\\/logo\\\/image\\\/\"},\"sameAs\":[\"https:\\\/\\\/www.facebook.com\\\/cobm.ma\"]},{\"@type\":\"Person\",\"@id\":\"https:\\\/\\\/www.aocbmma.com.br\\\/#\\\/schema\\\/person\\\/a1ba16bfa5fbe32ee12aceb27c7f142d\",\"name\":\"Major Arag\u00e3o\",\"image\":{\"@type\":\"ImageObject\",\"inLanguage\":\"pt-BR\",\"@id\":\"https:\\\/\\\/secure.gravatar.com\\\/avatar\\\/ee21e171ab9027738d458ac7c1346c1671cfe551102d21ffd58745fedeb1caf3?s=96&d=mm&r=g\",\"url\":\"https:\\\/\\\/secure.gravatar.com\\\/avatar\\\/ee21e171ab9027738d458ac7c1346c1671cfe551102d21ffd58745fedeb1caf3?s=96&d=mm&r=g\",\"contentUrl\":\"https:\\\/\\\/secure.gravatar.com\\\/avatar\\\/ee21e171ab9027738d458ac7c1346c1671cfe551102d21ffd58745fedeb1caf3?s=96&d=mm&r=g\",\"caption\":\"Major Arag\u00e3o\"},\"sameAs\":[\"http:\\\/\\\/www.italobrito.com.br\"],\"url\":\"https:\\\/\\\/www.aocbmma.com.br\\\/index.php\\\/author\\\/cap-aragao\\\/\"}]}<\/script>\n<!-- \/ Yoast SEO plugin. -->","yoast_head_json":{"title":"AOCBMMA COMPLETA 21 ANOS | AOCBMMA | Associa\u00e7\u00e3o dos Oficiais do Corpo de Bombeiros Militar do Maranh\u00e3o","robots":{"index":"index","follow":"follow","max-snippet":"max-snippet:-1","max-image-preview":"max-image-preview:large","max-video-preview":"max-video-preview:-1"},"canonical":"https:\/\/www.aocbmma.com.br\/index.php\/2022\/05\/12\/aocbmma-completa-21-anos\/","og_locale":"pt_BR","og_type":"article","og_title":"AOCBMMA COMPLETA 21 ANOS | AOCBMMA | Associa\u00e7\u00e3o dos Oficiais do Corpo de Bombeiros Militar do Maranh\u00e3o","og_description":"H\u00e1 21 anos, trinta e sete oficiais do Corpo de Bombeiros Militar do Maranh\u00e3o com apoio do Coronel Pedro Paulo Pereira Oliveira, ent\u00e3o Comandante-geral da Corpora\u00e7\u00e3o, fundaram a Associa\u00e7\u00e3o dos Oficiais do Corpo de Bombeiros Militar do Maranh\u00e3o. A entidade foi criada com o objetivo promover atividades culturais e esportivas, buscar o interesse coletivo e [&hellip;]","og_url":"https:\/\/www.aocbmma.com.br\/index.php\/2022\/05\/12\/aocbmma-completa-21-anos\/","og_site_name":"AOCBMMA | Associa\u00e7\u00e3o dos Oficiais do Corpo de Bombeiros Militar do Maranh\u00e3o","article_publisher":"https:\/\/www.facebook.com\/cobm.ma","article_published_time":"2022-05-12T23:00:04+00:00","article_modified_time":"2022-05-12T23:01:53+00:00","og_image":[{"width":1080,"height":1080,"url":"https:\/\/www.aocbmma.com.br\/wp-content\/uploads\/2022\/05\/IMG-20220512-WA0033.jpg","type":"image\/jpeg"}],"author":"Major Arag\u00e3o","twitter_card":"summary_large_image","twitter_misc":{"Escrito por":"Major Arag\u00e3o","Est. tempo de leitura":"1 minuto"},"schema":{"@context":"https:\/\/schema.org","@graph":[{"@type":"Article","@id":"https:\/\/www.aocbmma.com.br\/index.php\/2022\/05\/12\/aocbmma-completa-21-anos\/#article","isPartOf":{"@id":"https:\/\/www.aocbmma.com.br\/index.php\/2022\/05\/12\/aocbmma-completa-21-anos\/"},"author":{"name":"Major Arag\u00e3o","@id":"https:\/\/www.aocbmma.com.br\/#\/schema\/person\/a1ba16bfa5fbe32ee12aceb27c7f142d"},"headline":"AOCBMMA COMPLETA 21 ANOS","datePublished":"2022-05-12T23:00:04+00:00","dateModified":"2022-05-12T23:01:53+00:00","mainEntityOfPage":{"@id":"https:\/\/www.aocbmma.com.br\/index.php\/2022\/05\/12\/aocbmma-completa-21-anos\/"},"wordCount":193,"commentCount":0,"publisher":{"@id":"https:\/\/www.aocbmma.com.br\/#organization"},"image":{"@id":"https:\/\/www.aocbmma.com.br\/index.php\/2022\/05\/12\/aocbmma-completa-21-anos\/#primaryimage"},"thumbnailUrl":"https:\/\/www.aocbmma.com.br\/wp-content\/uploads\/2022\/05\/IMG-20220512-WA0033.jpg","articleSection":["not\u00edcia"],"inLanguage":"pt-BR","potentialAction":[{"@type":"CommentAction","name":"Comment","target":["https:\/\/www.aocbmma.com.br\/index.php\/2022\/05\/12\/aocbmma-completa-21-anos\/#respond"]}]},{"@type":"WebPage","@id":"https:\/\/www.aocbmma.com.br\/index.php\/2022\/05\/12\/aocbmma-completa-21-anos\/","url":"https:\/\/www.aocbmma.com.br\/index.php\/2022\/05\/12\/aocbmma-completa-21-anos\/","name":"AOCBMMA COMPLETA 21 ANOS | AOCBMMA | Associa\u00e7\u00e3o dos Oficiais do Corpo de Bombeiros Militar do Maranh\u00e3o","isPartOf":{"@id":"https:\/\/www.aocbmma.com.br\/#website"},"primaryImageOfPage":{"@id":"https:\/\/www.aocbmma.com.br\/index.php\/2022\/05\/12\/aocbmma-completa-21-anos\/#primaryimage"},"image":{"@id":"https:\/\/www.aocbmma.com.br\/index.php\/2022\/05\/12\/aocbmma-completa-21-anos\/#primaryimage"},"thumbnailUrl":"https:\/\/www.aocbmma.com.br\/wp-content\/uploads\/2022\/05\/IMG-20220512-WA0033.jpg","datePublished":"2022-05-12T23:00:04+00:00","dateModified":"2022-05-12T23:01:53+00:00","breadcrumb":{"@id":"https:\/\/www.aocbmma.com.br\/index.php\/2022\/05\/12\/aocbmma-completa-21-anos\/#breadcrumb"},"inLanguage":"pt-BR","potentialAction":[{"@type":"ReadAction","target":["https:\/\/www.aocbmma.com.br\/index.php\/2022\/05\/12\/aocbmma-completa-21-anos\/"]}]},{"@type":"ImageObject","inLanguage":"pt-BR","@id":"https:\/\/www.aocbmma.com.br\/index.php\/2022\/05\/12\/aocbmma-completa-21-anos\/#primaryimage","url":"https:\/\/www.aocbmma.com.br\/wp-content\/uploads\/2022\/05\/IMG-20220512-WA0033.jpg","contentUrl":"https:\/\/www.aocbmma.com.br\/wp-content\/uploads\/2022\/05\/IMG-20220512-WA0033.jpg","width":1080,"height":1080},{"@type":"BreadcrumbList","@id":"https:\/\/www.aocbmma.com.br\/index.php\/2022\/05\/12\/aocbmma-completa-21-anos\/#breadcrumb","itemListElement":[{"@type":"ListItem","position":1,"name":"In\u00edcio","item":"https:\/\/www.aocbmma.com.br\/"},{"@type":"ListItem","position":2,"name":"AOCBMMA COMPLETA 21 ANOS"}]},{"@type":"WebSite","@id":"https:\/\/www.aocbmma.com.br\/#website","url":"https:\/\/www.aocbmma.com.br\/","name":"AOCBMMA","description":"","publisher":{"@id":"https:\/\/www.aocbmma.com.br\/#organization"},"potentialAction":[{"@type":"SearchAction","target":{"@type":"EntryPoint","urlTemplate":"https:\/\/www.aocbmma.com.br\/?s={search_term_string}"},"query-input":{"@type":"PropertyValueSpecification","valueRequired":true,"valueName":"search_term_string"}}],"inLanguage":"pt-BR"},{"@type":"Organization","@id":"https:\/\/www.aocbmma.com.br\/#organization","name":"Associa\u00e7\u00e3o dos Oficiais do Corpo de Bombeiros Militar do Maranh\u00e3o","url":"https:\/\/www.aocbmma.com.br\/","logo":{"@type":"ImageObject","inLanguage":"pt-BR","@id":"https:\/\/www.aocbmma.com.br\/#\/schema\/logo\/image\/","url":"https:\/\/www.aocbmma.com.br\/wp-content\/uploads\/2019\/05\/brasao-grande.png","contentUrl":"https:\/\/www.aocbmma.com.br\/wp-content\/uploads\/2019\/05\/brasao-grande.png","width":1154,"height":1155,"caption":"Associa\u00e7\u00e3o dos Oficiais do Corpo de Bombeiros Militar do Maranh\u00e3o"},"image":{"@id":"https:\/\/www.aocbmma.com.br\/#\/schema\/logo\/image\/"},"sameAs":["https:\/\/www.facebook.com\/cobm.ma"]},{"@type":"Person","@id":"https:\/\/www.aocbmma.com.br\/#\/schema\/person\/a1ba16bfa5fbe32ee12aceb27c7f142d","name":"Major Arag\u00e3o","image":{"@type":"ImageObject","inLanguage":"pt-BR","@id":"https:\/\/secure.gravatar.com\/avatar\/ee21e171ab9027738d458ac7c1346c1671cfe551102d21ffd58745fedeb1caf3?s=96&d=mm&r=g","url":"https:\/\/secure.gravatar.com\/avatar\/ee21e171ab9027738d458ac7c1346c1671cfe551102d21ffd58745fedeb1caf3?s=96&d=mm&r=g","contentUrl":"https:\/\/secure.gravatar.com\/avatar\/ee21e171ab9027738d458ac7c1346c1671cfe551102d21ffd58745fedeb1caf3?s=96&d=mm&r=g","caption":"Major Arag\u00e3o"},"sameAs":["http:\/\/www.italobrito.com.br"],"url":"https:\/\/www.aocbmma.com.br\/index.php\/author\/cap-aragao\/"}]}},"_links":{"self":[{"href":"https:\/\/www.aocbmma.com.br\/index.php\/wp-json\/wp\/v2\/posts\/732","targetHints":{"allow":["GET"]}}],"collection":[{"href":"https:\/\/www.aocbmma.com.br\/index.php\/wp-json\/wp\/v2\/posts"}],"about":[{"href":"https:\/\/www.aocbmma.com.br\/index.php\/wp-json\/wp\/v2\/types\/post"}],"author":[{"embeddable":true,"href":"https:\/\/www.aocbmma.com.br\/index.php\/wp-json\/wp\/v2\/users\/1"}],"replies":[{"embeddable":true,"href":"https:\/\/www.aocbmma.com.br\/index.php\/wp-json\/wp\/v2\/comments?post=732"}],"version-history":[{"count":2,"href":"https:\/\/www.aocbmma.com.br\/index.php\/wp-json\/wp\/v2\/posts\/732\/revisions"}],"predecessor-version":[{"id":735,"href":"https:\/\/www.aocbmma.com.br\/index.php\/wp-json\/wp\/v2\/posts\/732\/revisions\/735"}],"wp:featuredmedia":[{"embeddable":true,"href":"https:\/\/www.aocbmma.com.br\/index.php\/wp-json\/wp\/v2\/media\/734"}],"wp:attachment":[{"href":"https:\/\/www.aocbmma.com.br\/index.php\/wp-json\/wp\/v2\/media?parent=732"}],"wp:term":[{"taxonomy":"category","embeddable":true,"href":"https:\/\/www.aocbmma.com.br\/index.php\/wp-json\/wp\/v2\/categories?post=732"},{"taxonomy":"post_tag","embeddable":true,"href":"https:\/\/www.aocbmma.com.br\/index.php\/wp-json\/wp\/v2\/tags?post=732"}],"curies":[{"name":"wp","href":"https:\/\/api.w.org\/{rel}","templated":true}]}}