{"id":671,"date":"2021-11-19T19:45:05","date_gmt":"2021-11-19T22:45:05","guid":{"rendered":"https:\/\/www.aocbmma.com.br\/?p=671"},"modified":"2021-11-19T19:45:05","modified_gmt":"2021-11-19T22:45:05","slug":"dia-da-bandeira","status":"publish","type":"post","link":"https:\/\/www.aocbmma.com.br\/index.php\/2021\/11\/19\/dia-da-bandeira\/","title":{"rendered":"DIA DA BANDEIRA"},"content":{"rendered":"<p>O\u00a0<strong>Dia da Bandeira,\u00a0<\/strong>comemorado anualmente no dia 19 de novembro, \u00e9 uma homenagem \u00e0 bandeira brasileira, que foi criada logo ap\u00f3s a\u00a0Proclama\u00e7\u00e3o da Rep\u00fablica, em 15 de novembro de 1889. Assim, o Dia da Bandeira passou a ser comemorado somente ap\u00f3s a Proclama\u00e7\u00e3o da Rep\u00fablica. Como a nova bandeira brasileira foi apresentada no dia\u00a0<strong>19 de novembro de 1889<\/strong>, essa data foi escolhida como o Dia da Bandeira.<\/p>\n<p>&nbsp;<\/p>\n<p>Sobre a imensa Na\u00e7\u00e3o Brasileira<br \/>\nNos momentos de festa ou de dor<br \/>\nPaira sempre sagrada bandeira<br \/>\nPavilh\u00e3o da justi\u00e7a e do amor<\/p>\n","protected":false},"excerpt":{"rendered":"<p>O\u00a0Dia da Bandeira,\u00a0comemorado anualmente no dia 19 de novembro, \u00e9 uma homenagem \u00e0 bandeira brasileira, que foi criada logo ap\u00f3s a\u00a0Proclama\u00e7\u00e3o da Rep\u00fablica, em 15 de novembro de 1889. Assim, o Dia da Bandeira passou a ser comemorado somente ap\u00f3s a Proclama\u00e7\u00e3o da Rep\u00fablica. Como a nova bandeira brasileira foi apresentada no dia\u00a019 de novembro [&hellip;]<\/p>\n","protected":false},"author":1,"featured_media":672,"comment_status":"open","ping_status":"open","sticky":false,"template":"","format":"standard","meta":{"om_disable_all_campaigns":false,"_monsterinsights_skip_tracking":false,"_monsterinsights_sitenote_active":false,"_monsterinsights_sitenote_note":"","_monsterinsights_sitenote_category":0,"footnotes":""},"categories":[2],"tags":[],"class_list":["post-671","post","type-post","status-publish","format-standard","has-post-thumbnail","hentry","category-noticia"],"aioseo_notices":[],"yoast_head":"<!-- This site is optimized with the Yoast SEO plugin v27.4 - https:\/\/yoast.com\/product\/yoast-seo-wordpress\/ -->\n<title>DIA DA BANDEIRA | AOCBMMA | Associa\u00e7\u00e3o dos Oficiais do Corpo de Bombeiros Militar do Maranh\u00e3o<\/title>\n<meta name=\"robots\" content=\"index, follow, max-snippet:-1, max-image-preview:large, max-video-preview:-1\" \/>\n<link rel=\"canonical\" href=\"https:\/\/www.aocbmma.com.br\/index.php\/2021\/11\/19\/dia-da-bandeira\/\" \/>\n<meta property=\"og:locale\" content=\"pt_BR\" \/>\n<meta property=\"og:type\" content=\"article\" \/>\n<meta property=\"og:title\" content=\"DIA DA BANDEIRA | AOCBMMA | Associa\u00e7\u00e3o dos Oficiais do Corpo de Bombeiros Militar do Maranh\u00e3o\" \/>\n<meta property=\"og:description\" content=\"O\u00a0Dia da Bandeira,\u00a0comemorado anualmente no dia 19 de novembro, \u00e9 uma homenagem \u00e0 bandeira brasileira, que foi criada logo ap\u00f3s a\u00a0Proclama\u00e7\u00e3o da Rep\u00fablica, em 15 de novembro de 1889. Assim, o Dia da Bandeira passou a ser comemorado somente ap\u00f3s a Proclama\u00e7\u00e3o da Rep\u00fablica. Como a nova bandeira brasileira foi apresentada no dia\u00a019 de novembro [&hellip;]\" \/>\n<meta property=\"og:url\" content=\"https:\/\/www.aocbmma.com.br\/index.php\/2021\/11\/19\/dia-da-bandeira\/\" \/>\n<meta property=\"og:site_name\" content=\"AOCBMMA | Associa\u00e7\u00e3o dos Oficiais do Corpo de Bombeiros Militar do Maranh\u00e3o\" \/>\n<meta property=\"article:publisher\" content=\"https:\/\/www.facebook.com\/cobm.ma\" \/>\n<meta property=\"article:published_time\" content=\"2021-11-19T22:45:05+00:00\" \/>\n<meta property=\"og:image\" content=\"https:\/\/www.aocbmma.com.br\/wp-content\/uploads\/2021\/11\/IMG-20211119-WA0020.jpg\" \/>\n\t<meta property=\"og:image:width\" content=\"1080\" \/>\n\t<meta property=\"og:image:height\" content=\"1080\" \/>\n\t<meta property=\"og:image:type\" content=\"image\/jpeg\" \/>\n<meta name=\"author\" content=\"Major Arag\u00e3o\" \/>\n<meta name=\"twitter:card\" content=\"summary_large_image\" \/>\n<meta name=\"twitter:label1\" content=\"Escrito por\" \/>\n\t<meta name=\"twitter:data1\" content=\"Major Arag\u00e3o\" \/>\n<script type=\"application\/ld+json\" class=\"yoast-schema-graph\">{\"@context\":\"https:\\\/\\\/schema.org\",\"@graph\":[{\"@type\":\"Article\",\"@id\":\"https:\\\/\\\/www.aocbmma.com.br\\\/index.php\\\/2021\\\/11\\\/19\\\/dia-da-bandeira\\\/#article\",\"isPartOf\":{\"@id\":\"https:\\\/\\\/www.aocbmma.com.br\\\/index.php\\\/2021\\\/11\\\/19\\\/dia-da-bandeira\\\/\"},\"author\":{\"name\":\"Major Arag\u00e3o\",\"@id\":\"https:\\\/\\\/www.aocbmma.com.br\\\/#\\\/schema\\\/person\\\/a1ba16bfa5fbe32ee12aceb27c7f142d\"},\"headline\":\"DIA DA BANDEIRA\",\"datePublished\":\"2021-11-19T22:45:05+00:00\",\"mainEntityOfPage\":{\"@id\":\"https:\\\/\\\/www.aocbmma.com.br\\\/index.php\\\/2021\\\/11\\\/19\\\/dia-da-bandeira\\\/\"},\"wordCount\":98,\"commentCount\":0,\"publisher\":{\"@id\":\"https:\\\/\\\/www.aocbmma.com.br\\\/#organization\"},\"image\":{\"@id\":\"https:\\\/\\\/www.aocbmma.com.br\\\/index.php\\\/2021\\\/11\\\/19\\\/dia-da-bandeira\\\/#primaryimage\"},\"thumbnailUrl\":\"https:\\\/\\\/www.aocbmma.com.br\\\/wp-content\\\/uploads\\\/2021\\\/11\\\/IMG-20211119-WA0020.jpg\",\"articleSection\":[\"not\u00edcia\"],\"inLanguage\":\"pt-BR\",\"potentialAction\":[{\"@type\":\"CommentAction\",\"name\":\"Comment\",\"target\":[\"https:\\\/\\\/www.aocbmma.com.br\\\/index.php\\\/2021\\\/11\\\/19\\\/dia-da-bandeira\\\/#respond\"]}]},{\"@type\":\"WebPage\",\"@id\":\"https:\\\/\\\/www.aocbmma.com.br\\\/index.php\\\/2021\\\/11\\\/19\\\/dia-da-bandeira\\\/\",\"url\":\"https:\\\/\\\/www.aocbmma.com.br\\\/index.php\\\/2021\\\/11\\\/19\\\/dia-da-bandeira\\\/\",\"name\":\"DIA DA BANDEIRA | AOCBMMA | Associa\u00e7\u00e3o dos Oficiais do Corpo de Bombeiros Militar do Maranh\u00e3o\",\"isPartOf\":{\"@id\":\"https:\\\/\\\/www.aocbmma.com.br\\\/#website\"},\"primaryImageOfPage\":{\"@id\":\"https:\\\/\\\/www.aocbmma.com.br\\\/index.php\\\/2021\\\/11\\\/19\\\/dia-da-bandeira\\\/#primaryimage\"},\"image\":{\"@id\":\"https:\\\/\\\/www.aocbmma.com.br\\\/index.php\\\/2021\\\/11\\\/19\\\/dia-da-bandeira\\\/#primaryimage\"},\"thumbnailUrl\":\"https:\\\/\\\/www.aocbmma.com.br\\\/wp-content\\\/uploads\\\/2021\\\/11\\\/IMG-20211119-WA0020.jpg\",\"datePublished\":\"2021-11-19T22:45:05+00:00\",\"breadcrumb\":{\"@id\":\"https:\\\/\\\/www.aocbmma.com.br\\\/index.php\\\/2021\\\/11\\\/19\\\/dia-da-bandeira\\\/#breadcrumb\"},\"inLanguage\":\"pt-BR\",\"potentialAction\":[{\"@type\":\"ReadAction\",\"target\":[\"https:\\\/\\\/www.aocbmma.com.br\\\/index.php\\\/2021\\\/11\\\/19\\\/dia-da-bandeira\\\/\"]}]},{\"@type\":\"ImageObject\",\"inLanguage\":\"pt-BR\",\"@id\":\"https:\\\/\\\/www.aocbmma.com.br\\\/index.php\\\/2021\\\/11\\\/19\\\/dia-da-bandeira\\\/#primaryimage\",\"url\":\"https:\\\/\\\/www.aocbmma.com.br\\\/wp-content\\\/uploads\\\/2021\\\/11\\\/IMG-20211119-WA0020.jpg\",\"contentUrl\":\"https:\\\/\\\/www.aocbmma.com.br\\\/wp-content\\\/uploads\\\/2021\\\/11\\\/IMG-20211119-WA0020.jpg\",\"width\":1080,\"height\":1080},{\"@type\":\"BreadcrumbList\",\"@id\":\"https:\\\/\\\/www.aocbmma.com.br\\\/index.php\\\/2021\\\/11\\\/19\\\/dia-da-bandeira\\\/#breadcrumb\",\"itemListElement\":[{\"@type\":\"ListItem\",\"position\":1,\"name\":\"In\u00edcio\",\"item\":\"https:\\\/\\\/www.aocbmma.com.br\\\/\"},{\"@type\":\"ListItem\",\"position\":2,\"name\":\"DIA DA BANDEIRA\"}]},{\"@type\":\"WebSite\",\"@id\":\"https:\\\/\\\/www.aocbmma.com.br\\\/#website\",\"url\":\"https:\\\/\\\/www.aocbmma.com.br\\\/\",\"name\":\"AOCBMMA\",\"description\":\"\",\"publisher\":{\"@id\":\"https:\\\/\\\/www.aocbmma.com.br\\\/#organization\"},\"potentialAction\":[{\"@type\":\"SearchAction\",\"target\":{\"@type\":\"EntryPoint\",\"urlTemplate\":\"https:\\\/\\\/www.aocbmma.com.br\\\/?s={search_term_string}\"},\"query-input\":{\"@type\":\"PropertyValueSpecification\",\"valueRequired\":true,\"valueName\":\"search_term_string\"}}],\"inLanguage\":\"pt-BR\"},{\"@type\":\"Organization\",\"@id\":\"https:\\\/\\\/www.aocbmma.com.br\\\/#organization\",\"name\":\"Associa\u00e7\u00e3o dos Oficiais do Corpo de Bombeiros Militar do Maranh\u00e3o\",\"url\":\"https:\\\/\\\/www.aocbmma.com.br\\\/\",\"logo\":{\"@type\":\"ImageObject\",\"inLanguage\":\"pt-BR\",\"@id\":\"https:\\\/\\\/www.aocbmma.com.br\\\/#\\\/schema\\\/logo\\\/image\\\/\",\"url\":\"https:\\\/\\\/www.aocbmma.com.br\\\/wp-content\\\/uploads\\\/2019\\\/05\\\/brasao-grande.png\",\"contentUrl\":\"https:\\\/\\\/www.aocbmma.com.br\\\/wp-content\\\/uploads\\\/2019\\\/05\\\/brasao-grande.png\",\"width\":1154,\"height\":1155,\"caption\":\"Associa\u00e7\u00e3o dos Oficiais do Corpo de Bombeiros Militar do Maranh\u00e3o\"},\"image\":{\"@id\":\"https:\\\/\\\/www.aocbmma.com.br\\\/#\\\/schema\\\/logo\\\/image\\\/\"},\"sameAs\":[\"https:\\\/\\\/www.facebook.com\\\/cobm.ma\"]},{\"@type\":\"Person\",\"@id\":\"https:\\\/\\\/www.aocbmma.com.br\\\/#\\\/schema\\\/person\\\/a1ba16bfa5fbe32ee12aceb27c7f142d\",\"name\":\"Major Arag\u00e3o\",\"image\":{\"@type\":\"ImageObject\",\"inLanguage\":\"pt-BR\",\"@id\":\"https:\\\/\\\/secure.gravatar.com\\\/avatar\\\/ee21e171ab9027738d458ac7c1346c1671cfe551102d21ffd58745fedeb1caf3?s=96&d=mm&r=g\",\"url\":\"https:\\\/\\\/secure.gravatar.com\\\/avatar\\\/ee21e171ab9027738d458ac7c1346c1671cfe551102d21ffd58745fedeb1caf3?s=96&d=mm&r=g\",\"contentUrl\":\"https:\\\/\\\/secure.gravatar.com\\\/avatar\\\/ee21e171ab9027738d458ac7c1346c1671cfe551102d21ffd58745fedeb1caf3?s=96&d=mm&r=g\",\"caption\":\"Major Arag\u00e3o\"},\"sameAs\":[\"http:\\\/\\\/www.italobrito.com.br\"],\"url\":\"https:\\\/\\\/www.aocbmma.com.br\\\/index.php\\\/author\\\/cap-aragao\\\/\"}]}<\/script>\n<!-- \/ Yoast SEO plugin. -->","yoast_head_json":{"title":"DIA DA BANDEIRA | AOCBMMA | Associa\u00e7\u00e3o dos Oficiais do Corpo de Bombeiros Militar do Maranh\u00e3o","robots":{"index":"index","follow":"follow","max-snippet":"max-snippet:-1","max-image-preview":"max-image-preview:large","max-video-preview":"max-video-preview:-1"},"canonical":"https:\/\/www.aocbmma.com.br\/index.php\/2021\/11\/19\/dia-da-bandeira\/","og_locale":"pt_BR","og_type":"article","og_title":"DIA DA BANDEIRA | AOCBMMA | Associa\u00e7\u00e3o dos Oficiais do Corpo de Bombeiros Militar do Maranh\u00e3o","og_description":"O\u00a0Dia da Bandeira,\u00a0comemorado anualmente no dia 19 de novembro, \u00e9 uma homenagem \u00e0 bandeira brasileira, que foi criada logo ap\u00f3s a\u00a0Proclama\u00e7\u00e3o da Rep\u00fablica, em 15 de novembro de 1889. Assim, o Dia da Bandeira passou a ser comemorado somente ap\u00f3s a Proclama\u00e7\u00e3o da Rep\u00fablica. Como a nova bandeira brasileira foi apresentada no dia\u00a019 de novembro [&hellip;]","og_url":"https:\/\/www.aocbmma.com.br\/index.php\/2021\/11\/19\/dia-da-bandeira\/","og_site_name":"AOCBMMA | Associa\u00e7\u00e3o dos Oficiais do Corpo de Bombeiros Militar do Maranh\u00e3o","article_publisher":"https:\/\/www.facebook.com\/cobm.ma","article_published_time":"2021-11-19T22:45:05+00:00","og_image":[{"width":1080,"height":1080,"url":"https:\/\/www.aocbmma.com.br\/wp-content\/uploads\/2021\/11\/IMG-20211119-WA0020.jpg","type":"image\/jpeg"}],"author":"Major Arag\u00e3o","twitter_card":"summary_large_image","twitter_misc":{"Escrito por":"Major Arag\u00e3o"},"schema":{"@context":"https:\/\/schema.org","@graph":[{"@type":"Article","@id":"https:\/\/www.aocbmma.com.br\/index.php\/2021\/11\/19\/dia-da-bandeira\/#article","isPartOf":{"@id":"https:\/\/www.aocbmma.com.br\/index.php\/2021\/11\/19\/dia-da-bandeira\/"},"author":{"name":"Major Arag\u00e3o","@id":"https:\/\/www.aocbmma.com.br\/#\/schema\/person\/a1ba16bfa5fbe32ee12aceb27c7f142d"},"headline":"DIA DA BANDEIRA","datePublished":"2021-11-19T22:45:05+00:00","mainEntityOfPage":{"@id":"https:\/\/www.aocbmma.com.br\/index.php\/2021\/11\/19\/dia-da-bandeira\/"},"wordCount":98,"commentCount":0,"publisher":{"@id":"https:\/\/www.aocbmma.com.br\/#organization"},"image":{"@id":"https:\/\/www.aocbmma.com.br\/index.php\/2021\/11\/19\/dia-da-bandeira\/#primaryimage"},"thumbnailUrl":"https:\/\/www.aocbmma.com.br\/wp-content\/uploads\/2021\/11\/IMG-20211119-WA0020.jpg","articleSection":["not\u00edcia"],"inLanguage":"pt-BR","potentialAction":[{"@type":"CommentAction","name":"Comment","target":["https:\/\/www.aocbmma.com.br\/index.php\/2021\/11\/19\/dia-da-bandeira\/#respond"]}]},{"@type":"WebPage","@id":"https:\/\/www.aocbmma.com.br\/index.php\/2021\/11\/19\/dia-da-bandeira\/","url":"https:\/\/www.aocbmma.com.br\/index.php\/2021\/11\/19\/dia-da-bandeira\/","name":"DIA DA BANDEIRA | AOCBMMA | Associa\u00e7\u00e3o dos Oficiais do Corpo de Bombeiros Militar do Maranh\u00e3o","isPartOf":{"@id":"https:\/\/www.aocbmma.com.br\/#website"},"primaryImageOfPage":{"@id":"https:\/\/www.aocbmma.com.br\/index.php\/2021\/11\/19\/dia-da-bandeira\/#primaryimage"},"image":{"@id":"https:\/\/www.aocbmma.com.br\/index.php\/2021\/11\/19\/dia-da-bandeira\/#primaryimage"},"thumbnailUrl":"https:\/\/www.aocbmma.com.br\/wp-content\/uploads\/2021\/11\/IMG-20211119-WA0020.jpg","datePublished":"2021-11-19T22:45:05+00:00","breadcrumb":{"@id":"https:\/\/www.aocbmma.com.br\/index.php\/2021\/11\/19\/dia-da-bandeira\/#breadcrumb"},"inLanguage":"pt-BR","potentialAction":[{"@type":"ReadAction","target":["https:\/\/www.aocbmma.com.br\/index.php\/2021\/11\/19\/dia-da-bandeira\/"]}]},{"@type":"ImageObject","inLanguage":"pt-BR","@id":"https:\/\/www.aocbmma.com.br\/index.php\/2021\/11\/19\/dia-da-bandeira\/#primaryimage","url":"https:\/\/www.aocbmma.com.br\/wp-content\/uploads\/2021\/11\/IMG-20211119-WA0020.jpg","contentUrl":"https:\/\/www.aocbmma.com.br\/wp-content\/uploads\/2021\/11\/IMG-20211119-WA0020.jpg","width":1080,"height":1080},{"@type":"BreadcrumbList","@id":"https:\/\/www.aocbmma.com.br\/index.php\/2021\/11\/19\/dia-da-bandeira\/#breadcrumb","itemListElement":[{"@type":"ListItem","position":1,"name":"In\u00edcio","item":"https:\/\/www.aocbmma.com.br\/"},{"@type":"ListItem","position":2,"name":"DIA DA BANDEIRA"}]},{"@type":"WebSite","@id":"https:\/\/www.aocbmma.com.br\/#website","url":"https:\/\/www.aocbmma.com.br\/","name":"AOCBMMA","description":"","publisher":{"@id":"https:\/\/www.aocbmma.com.br\/#organization"},"potentialAction":[{"@type":"SearchAction","target":{"@type":"EntryPoint","urlTemplate":"https:\/\/www.aocbmma.com.br\/?s={search_term_string}"},"query-input":{"@type":"PropertyValueSpecification","valueRequired":true,"valueName":"search_term_string"}}],"inLanguage":"pt-BR"},{"@type":"Organization","@id":"https:\/\/www.aocbmma.com.br\/#organization","name":"Associa\u00e7\u00e3o dos Oficiais do Corpo de Bombeiros Militar do Maranh\u00e3o","url":"https:\/\/www.aocbmma.com.br\/","logo":{"@type":"ImageObject","inLanguage":"pt-BR","@id":"https:\/\/www.aocbmma.com.br\/#\/schema\/logo\/image\/","url":"https:\/\/www.aocbmma.com.br\/wp-content\/uploads\/2019\/05\/brasao-grande.png","contentUrl":"https:\/\/www.aocbmma.com.br\/wp-content\/uploads\/2019\/05\/brasao-grande.png","width":1154,"height":1155,"caption":"Associa\u00e7\u00e3o dos Oficiais do Corpo de Bombeiros Militar do Maranh\u00e3o"},"image":{"@id":"https:\/\/www.aocbmma.com.br\/#\/schema\/logo\/image\/"},"sameAs":["https:\/\/www.facebook.com\/cobm.ma"]},{"@type":"Person","@id":"https:\/\/www.aocbmma.com.br\/#\/schema\/person\/a1ba16bfa5fbe32ee12aceb27c7f142d","name":"Major Arag\u00e3o","image":{"@type":"ImageObject","inLanguage":"pt-BR","@id":"https:\/\/secure.gravatar.com\/avatar\/ee21e171ab9027738d458ac7c1346c1671cfe551102d21ffd58745fedeb1caf3?s=96&d=mm&r=g","url":"https:\/\/secure.gravatar.com\/avatar\/ee21e171ab9027738d458ac7c1346c1671cfe551102d21ffd58745fedeb1caf3?s=96&d=mm&r=g","contentUrl":"https:\/\/secure.gravatar.com\/avatar\/ee21e171ab9027738d458ac7c1346c1671cfe551102d21ffd58745fedeb1caf3?s=96&d=mm&r=g","caption":"Major Arag\u00e3o"},"sameAs":["http:\/\/www.italobrito.com.br"],"url":"https:\/\/www.aocbmma.com.br\/index.php\/author\/cap-aragao\/"}]}},"_links":{"self":[{"href":"https:\/\/www.aocbmma.com.br\/index.php\/wp-json\/wp\/v2\/posts\/671","targetHints":{"allow":["GET"]}}],"collection":[{"href":"https:\/\/www.aocbmma.com.br\/index.php\/wp-json\/wp\/v2\/posts"}],"about":[{"href":"https:\/\/www.aocbmma.com.br\/index.php\/wp-json\/wp\/v2\/types\/post"}],"author":[{"embeddable":true,"href":"https:\/\/www.aocbmma.com.br\/index.php\/wp-json\/wp\/v2\/users\/1"}],"replies":[{"embeddable":true,"href":"https:\/\/www.aocbmma.com.br\/index.php\/wp-json\/wp\/v2\/comments?post=671"}],"version-history":[{"count":1,"href":"https:\/\/www.aocbmma.com.br\/index.php\/wp-json\/wp\/v2\/posts\/671\/revisions"}],"predecessor-version":[{"id":673,"href":"https:\/\/www.aocbmma.com.br\/index.php\/wp-json\/wp\/v2\/posts\/671\/revisions\/673"}],"wp:featuredmedia":[{"embeddable":true,"href":"https:\/\/www.aocbmma.com.br\/index.php\/wp-json\/wp\/v2\/media\/672"}],"wp:attachment":[{"href":"https:\/\/www.aocbmma.com.br\/index.php\/wp-json\/wp\/v2\/media?parent=671"}],"wp:term":[{"taxonomy":"category","embeddable":true,"href":"https:\/\/www.aocbmma.com.br\/index.php\/wp-json\/wp\/v2\/categories?post=671"},{"taxonomy":"post_tag","embeddable":true,"href":"https:\/\/www.aocbmma.com.br\/index.php\/wp-json\/wp\/v2\/tags?post=671"}],"curies":[{"name":"wp","href":"https:\/\/api.w.org\/{rel}","templated":true}]}}