{"id":651,"date":"2021-07-19T09:02:06","date_gmt":"2021-07-19T12:02:06","guid":{"rendered":"http:\/\/www.aocbmma.com.br\/?p=651"},"modified":"2021-07-19T15:12:18","modified_gmt":"2021-07-19T18:12:18","slug":"eleicao-2021","status":"publish","type":"post","link":"https:\/\/www.aocbmma.com.br\/index.php\/2021\/07\/19\/eleicao-2021\/","title":{"rendered":"ELEI\u00c7\u00c3O 2021"},"content":{"rendered":"<p>APURA\u00c7\u00c3O ENCERRADA<\/p>\n<p>CHAPA <strong>REPRESENTA\u00c7\u00c3O E CONFIAN\u00c7A<\/strong> GANHOU COM 63,06% DOS VOTOS CONTABILIZADOS.<\/p>\n","protected":false},"excerpt":{"rendered":"<p>APURA\u00c7\u00c3O ENCERRADA CHAPA REPRESENTA\u00c7\u00c3O E CONFIAN\u00c7A GANHOU COM 63,06% DOS VOTOS CONTABILIZADOS.<\/p>\n","protected":false},"author":1,"featured_media":659,"comment_status":"open","ping_status":"open","sticky":false,"template":"","format":"standard","meta":{"om_disable_all_campaigns":false,"_monsterinsights_skip_tracking":false,"_monsterinsights_sitenote_active":false,"_monsterinsights_sitenote_note":"","_monsterinsights_sitenote_category":0,"footnotes":""},"categories":[2],"tags":[],"class_list":["post-651","post","type-post","status-publish","format-standard","has-post-thumbnail","hentry","category-noticia"],"aioseo_notices":[],"yoast_head":"<!-- This site is optimized with the Yoast SEO plugin v27.4 - https:\/\/yoast.com\/product\/yoast-seo-wordpress\/ -->\n<title>ELEI\u00c7\u00c3O 2021 | AOCBMMA | Associa\u00e7\u00e3o dos Oficiais do Corpo de Bombeiros Militar do Maranh\u00e3o<\/title>\n<meta name=\"robots\" content=\"index, follow, max-snippet:-1, max-image-preview:large, max-video-preview:-1\" \/>\n<link rel=\"canonical\" href=\"https:\/\/www.aocbmma.com.br\/index.php\/2021\/07\/19\/eleicao-2021\/\" \/>\n<meta property=\"og:locale\" content=\"pt_BR\" \/>\n<meta property=\"og:type\" content=\"article\" \/>\n<meta property=\"og:title\" content=\"ELEI\u00c7\u00c3O 2021 | AOCBMMA | Associa\u00e7\u00e3o dos Oficiais do Corpo de Bombeiros Militar do Maranh\u00e3o\" \/>\n<meta property=\"og:description\" content=\"APURA\u00c7\u00c3O ENCERRADA CHAPA REPRESENTA\u00c7\u00c3O E CONFIAN\u00c7A GANHOU COM 63,06% DOS VOTOS CONTABILIZADOS.\" \/>\n<meta property=\"og:url\" content=\"https:\/\/www.aocbmma.com.br\/index.php\/2021\/07\/19\/eleicao-2021\/\" \/>\n<meta property=\"og:site_name\" content=\"AOCBMMA | Associa\u00e7\u00e3o dos Oficiais do Corpo de Bombeiros Militar do Maranh\u00e3o\" \/>\n<meta property=\"article:publisher\" content=\"https:\/\/www.facebook.com\/cobm.ma\" \/>\n<meta property=\"article:published_time\" content=\"2021-07-19T12:02:06+00:00\" \/>\n<meta property=\"article:modified_time\" content=\"2021-07-19T18:12:18+00:00\" \/>\n<meta property=\"og:image\" content=\"https:\/\/www.aocbmma.com.br\/wp-content\/uploads\/2021\/07\/RESULTADO2021.png\" \/>\n\t<meta property=\"og:image:width\" content=\"1314\" \/>\n\t<meta property=\"og:image:height\" content=\"521\" \/>\n\t<meta property=\"og:image:type\" content=\"image\/png\" \/>\n<meta name=\"author\" content=\"Major Arag\u00e3o\" \/>\n<meta name=\"twitter:card\" content=\"summary_large_image\" \/>\n<meta name=\"twitter:label1\" content=\"Escrito por\" \/>\n\t<meta name=\"twitter:data1\" content=\"Major Arag\u00e3o\" \/>\n<script type=\"application\/ld+json\" class=\"yoast-schema-graph\">{\"@context\":\"https:\\\/\\\/schema.org\",\"@graph\":[{\"@type\":\"Article\",\"@id\":\"https:\\\/\\\/www.aocbmma.com.br\\\/index.php\\\/2021\\\/07\\\/19\\\/eleicao-2021\\\/#article\",\"isPartOf\":{\"@id\":\"https:\\\/\\\/www.aocbmma.com.br\\\/index.php\\\/2021\\\/07\\\/19\\\/eleicao-2021\\\/\"},\"author\":{\"name\":\"Major Arag\u00e3o\",\"@id\":\"https:\\\/\\\/www.aocbmma.com.br\\\/#\\\/schema\\\/person\\\/a1ba16bfa5fbe32ee12aceb27c7f142d\"},\"headline\":\"ELEI\u00c7\u00c3O 2021\",\"datePublished\":\"2021-07-19T12:02:06+00:00\",\"dateModified\":\"2021-07-19T18:12:18+00:00\",\"mainEntityOfPage\":{\"@id\":\"https:\\\/\\\/www.aocbmma.com.br\\\/index.php\\\/2021\\\/07\\\/19\\\/eleicao-2021\\\/\"},\"wordCount\":16,\"commentCount\":0,\"publisher\":{\"@id\":\"https:\\\/\\\/www.aocbmma.com.br\\\/#organization\"},\"image\":{\"@id\":\"https:\\\/\\\/www.aocbmma.com.br\\\/index.php\\\/2021\\\/07\\\/19\\\/eleicao-2021\\\/#primaryimage\"},\"thumbnailUrl\":\"https:\\\/\\\/www.aocbmma.com.br\\\/wp-content\\\/uploads\\\/2021\\\/07\\\/RESULTADO2021.png\",\"articleSection\":[\"not\u00edcia\"],\"inLanguage\":\"pt-BR\",\"potentialAction\":[{\"@type\":\"CommentAction\",\"name\":\"Comment\",\"target\":[\"https:\\\/\\\/www.aocbmma.com.br\\\/index.php\\\/2021\\\/07\\\/19\\\/eleicao-2021\\\/#respond\"]}]},{\"@type\":\"WebPage\",\"@id\":\"https:\\\/\\\/www.aocbmma.com.br\\\/index.php\\\/2021\\\/07\\\/19\\\/eleicao-2021\\\/\",\"url\":\"https:\\\/\\\/www.aocbmma.com.br\\\/index.php\\\/2021\\\/07\\\/19\\\/eleicao-2021\\\/\",\"name\":\"ELEI\u00c7\u00c3O 2021 | AOCBMMA | Associa\u00e7\u00e3o dos Oficiais do Corpo de Bombeiros Militar do Maranh\u00e3o\",\"isPartOf\":{\"@id\":\"https:\\\/\\\/www.aocbmma.com.br\\\/#website\"},\"primaryImageOfPage\":{\"@id\":\"https:\\\/\\\/www.aocbmma.com.br\\\/index.php\\\/2021\\\/07\\\/19\\\/eleicao-2021\\\/#primaryimage\"},\"image\":{\"@id\":\"https:\\\/\\\/www.aocbmma.com.br\\\/index.php\\\/2021\\\/07\\\/19\\\/eleicao-2021\\\/#primaryimage\"},\"thumbnailUrl\":\"https:\\\/\\\/www.aocbmma.com.br\\\/wp-content\\\/uploads\\\/2021\\\/07\\\/RESULTADO2021.png\",\"datePublished\":\"2021-07-19T12:02:06+00:00\",\"dateModified\":\"2021-07-19T18:12:18+00:00\",\"breadcrumb\":{\"@id\":\"https:\\\/\\\/www.aocbmma.com.br\\\/index.php\\\/2021\\\/07\\\/19\\\/eleicao-2021\\\/#breadcrumb\"},\"inLanguage\":\"pt-BR\",\"potentialAction\":[{\"@type\":\"ReadAction\",\"target\":[\"https:\\\/\\\/www.aocbmma.com.br\\\/index.php\\\/2021\\\/07\\\/19\\\/eleicao-2021\\\/\"]}]},{\"@type\":\"ImageObject\",\"inLanguage\":\"pt-BR\",\"@id\":\"https:\\\/\\\/www.aocbmma.com.br\\\/index.php\\\/2021\\\/07\\\/19\\\/eleicao-2021\\\/#primaryimage\",\"url\":\"https:\\\/\\\/www.aocbmma.com.br\\\/wp-content\\\/uploads\\\/2021\\\/07\\\/RESULTADO2021.png\",\"contentUrl\":\"https:\\\/\\\/www.aocbmma.com.br\\\/wp-content\\\/uploads\\\/2021\\\/07\\\/RESULTADO2021.png\",\"width\":1314,\"height\":521},{\"@type\":\"BreadcrumbList\",\"@id\":\"https:\\\/\\\/www.aocbmma.com.br\\\/index.php\\\/2021\\\/07\\\/19\\\/eleicao-2021\\\/#breadcrumb\",\"itemListElement\":[{\"@type\":\"ListItem\",\"position\":1,\"name\":\"In\u00edcio\",\"item\":\"https:\\\/\\\/www.aocbmma.com.br\\\/\"},{\"@type\":\"ListItem\",\"position\":2,\"name\":\"ELEI\u00c7\u00c3O 2021\"}]},{\"@type\":\"WebSite\",\"@id\":\"https:\\\/\\\/www.aocbmma.com.br\\\/#website\",\"url\":\"https:\\\/\\\/www.aocbmma.com.br\\\/\",\"name\":\"AOCBMMA\",\"description\":\"\",\"publisher\":{\"@id\":\"https:\\\/\\\/www.aocbmma.com.br\\\/#organization\"},\"potentialAction\":[{\"@type\":\"SearchAction\",\"target\":{\"@type\":\"EntryPoint\",\"urlTemplate\":\"https:\\\/\\\/www.aocbmma.com.br\\\/?s={search_term_string}\"},\"query-input\":{\"@type\":\"PropertyValueSpecification\",\"valueRequired\":true,\"valueName\":\"search_term_string\"}}],\"inLanguage\":\"pt-BR\"},{\"@type\":\"Organization\",\"@id\":\"https:\\\/\\\/www.aocbmma.com.br\\\/#organization\",\"name\":\"Associa\u00e7\u00e3o dos Oficiais do Corpo de Bombeiros Militar do Maranh\u00e3o\",\"url\":\"https:\\\/\\\/www.aocbmma.com.br\\\/\",\"logo\":{\"@type\":\"ImageObject\",\"inLanguage\":\"pt-BR\",\"@id\":\"https:\\\/\\\/www.aocbmma.com.br\\\/#\\\/schema\\\/logo\\\/image\\\/\",\"url\":\"https:\\\/\\\/www.aocbmma.com.br\\\/wp-content\\\/uploads\\\/2019\\\/05\\\/brasao-grande.png\",\"contentUrl\":\"https:\\\/\\\/www.aocbmma.com.br\\\/wp-content\\\/uploads\\\/2019\\\/05\\\/brasao-grande.png\",\"width\":1154,\"height\":1155,\"caption\":\"Associa\u00e7\u00e3o dos Oficiais do Corpo de Bombeiros Militar do Maranh\u00e3o\"},\"image\":{\"@id\":\"https:\\\/\\\/www.aocbmma.com.br\\\/#\\\/schema\\\/logo\\\/image\\\/\"},\"sameAs\":[\"https:\\\/\\\/www.facebook.com\\\/cobm.ma\"]},{\"@type\":\"Person\",\"@id\":\"https:\\\/\\\/www.aocbmma.com.br\\\/#\\\/schema\\\/person\\\/a1ba16bfa5fbe32ee12aceb27c7f142d\",\"name\":\"Major Arag\u00e3o\",\"image\":{\"@type\":\"ImageObject\",\"inLanguage\":\"pt-BR\",\"@id\":\"https:\\\/\\\/secure.gravatar.com\\\/avatar\\\/ee21e171ab9027738d458ac7c1346c1671cfe551102d21ffd58745fedeb1caf3?s=96&d=mm&r=g\",\"url\":\"https:\\\/\\\/secure.gravatar.com\\\/avatar\\\/ee21e171ab9027738d458ac7c1346c1671cfe551102d21ffd58745fedeb1caf3?s=96&d=mm&r=g\",\"contentUrl\":\"https:\\\/\\\/secure.gravatar.com\\\/avatar\\\/ee21e171ab9027738d458ac7c1346c1671cfe551102d21ffd58745fedeb1caf3?s=96&d=mm&r=g\",\"caption\":\"Major Arag\u00e3o\"},\"sameAs\":[\"http:\\\/\\\/www.italobrito.com.br\"],\"url\":\"https:\\\/\\\/www.aocbmma.com.br\\\/index.php\\\/author\\\/cap-aragao\\\/\"}]}<\/script>\n<!-- \/ Yoast SEO plugin. -->","yoast_head_json":{"title":"ELEI\u00c7\u00c3O 2021 | AOCBMMA | Associa\u00e7\u00e3o dos Oficiais do Corpo de Bombeiros Militar do Maranh\u00e3o","robots":{"index":"index","follow":"follow","max-snippet":"max-snippet:-1","max-image-preview":"max-image-preview:large","max-video-preview":"max-video-preview:-1"},"canonical":"https:\/\/www.aocbmma.com.br\/index.php\/2021\/07\/19\/eleicao-2021\/","og_locale":"pt_BR","og_type":"article","og_title":"ELEI\u00c7\u00c3O 2021 | AOCBMMA | Associa\u00e7\u00e3o dos Oficiais do Corpo de Bombeiros Militar do Maranh\u00e3o","og_description":"APURA\u00c7\u00c3O ENCERRADA CHAPA REPRESENTA\u00c7\u00c3O E CONFIAN\u00c7A GANHOU COM 63,06% DOS VOTOS CONTABILIZADOS.","og_url":"https:\/\/www.aocbmma.com.br\/index.php\/2021\/07\/19\/eleicao-2021\/","og_site_name":"AOCBMMA | Associa\u00e7\u00e3o dos Oficiais do Corpo de Bombeiros Militar do Maranh\u00e3o","article_publisher":"https:\/\/www.facebook.com\/cobm.ma","article_published_time":"2021-07-19T12:02:06+00:00","article_modified_time":"2021-07-19T18:12:18+00:00","og_image":[{"width":1314,"height":521,"url":"https:\/\/www.aocbmma.com.br\/wp-content\/uploads\/2021\/07\/RESULTADO2021.png","type":"image\/png"}],"author":"Major Arag\u00e3o","twitter_card":"summary_large_image","twitter_misc":{"Escrito por":"Major Arag\u00e3o"},"schema":{"@context":"https:\/\/schema.org","@graph":[{"@type":"Article","@id":"https:\/\/www.aocbmma.com.br\/index.php\/2021\/07\/19\/eleicao-2021\/#article","isPartOf":{"@id":"https:\/\/www.aocbmma.com.br\/index.php\/2021\/07\/19\/eleicao-2021\/"},"author":{"name":"Major Arag\u00e3o","@id":"https:\/\/www.aocbmma.com.br\/#\/schema\/person\/a1ba16bfa5fbe32ee12aceb27c7f142d"},"headline":"ELEI\u00c7\u00c3O 2021","datePublished":"2021-07-19T12:02:06+00:00","dateModified":"2021-07-19T18:12:18+00:00","mainEntityOfPage":{"@id":"https:\/\/www.aocbmma.com.br\/index.php\/2021\/07\/19\/eleicao-2021\/"},"wordCount":16,"commentCount":0,"publisher":{"@id":"https:\/\/www.aocbmma.com.br\/#organization"},"image":{"@id":"https:\/\/www.aocbmma.com.br\/index.php\/2021\/07\/19\/eleicao-2021\/#primaryimage"},"thumbnailUrl":"https:\/\/www.aocbmma.com.br\/wp-content\/uploads\/2021\/07\/RESULTADO2021.png","articleSection":["not\u00edcia"],"inLanguage":"pt-BR","potentialAction":[{"@type":"CommentAction","name":"Comment","target":["https:\/\/www.aocbmma.com.br\/index.php\/2021\/07\/19\/eleicao-2021\/#respond"]}]},{"@type":"WebPage","@id":"https:\/\/www.aocbmma.com.br\/index.php\/2021\/07\/19\/eleicao-2021\/","url":"https:\/\/www.aocbmma.com.br\/index.php\/2021\/07\/19\/eleicao-2021\/","name":"ELEI\u00c7\u00c3O 2021 | AOCBMMA | Associa\u00e7\u00e3o dos Oficiais do Corpo de Bombeiros Militar do Maranh\u00e3o","isPartOf":{"@id":"https:\/\/www.aocbmma.com.br\/#website"},"primaryImageOfPage":{"@id":"https:\/\/www.aocbmma.com.br\/index.php\/2021\/07\/19\/eleicao-2021\/#primaryimage"},"image":{"@id":"https:\/\/www.aocbmma.com.br\/index.php\/2021\/07\/19\/eleicao-2021\/#primaryimage"},"thumbnailUrl":"https:\/\/www.aocbmma.com.br\/wp-content\/uploads\/2021\/07\/RESULTADO2021.png","datePublished":"2021-07-19T12:02:06+00:00","dateModified":"2021-07-19T18:12:18+00:00","breadcrumb":{"@id":"https:\/\/www.aocbmma.com.br\/index.php\/2021\/07\/19\/eleicao-2021\/#breadcrumb"},"inLanguage":"pt-BR","potentialAction":[{"@type":"ReadAction","target":["https:\/\/www.aocbmma.com.br\/index.php\/2021\/07\/19\/eleicao-2021\/"]}]},{"@type":"ImageObject","inLanguage":"pt-BR","@id":"https:\/\/www.aocbmma.com.br\/index.php\/2021\/07\/19\/eleicao-2021\/#primaryimage","url":"https:\/\/www.aocbmma.com.br\/wp-content\/uploads\/2021\/07\/RESULTADO2021.png","contentUrl":"https:\/\/www.aocbmma.com.br\/wp-content\/uploads\/2021\/07\/RESULTADO2021.png","width":1314,"height":521},{"@type":"BreadcrumbList","@id":"https:\/\/www.aocbmma.com.br\/index.php\/2021\/07\/19\/eleicao-2021\/#breadcrumb","itemListElement":[{"@type":"ListItem","position":1,"name":"In\u00edcio","item":"https:\/\/www.aocbmma.com.br\/"},{"@type":"ListItem","position":2,"name":"ELEI\u00c7\u00c3O 2021"}]},{"@type":"WebSite","@id":"https:\/\/www.aocbmma.com.br\/#website","url":"https:\/\/www.aocbmma.com.br\/","name":"AOCBMMA","description":"","publisher":{"@id":"https:\/\/www.aocbmma.com.br\/#organization"},"potentialAction":[{"@type":"SearchAction","target":{"@type":"EntryPoint","urlTemplate":"https:\/\/www.aocbmma.com.br\/?s={search_term_string}"},"query-input":{"@type":"PropertyValueSpecification","valueRequired":true,"valueName":"search_term_string"}}],"inLanguage":"pt-BR"},{"@type":"Organization","@id":"https:\/\/www.aocbmma.com.br\/#organization","name":"Associa\u00e7\u00e3o dos Oficiais do Corpo de Bombeiros Militar do Maranh\u00e3o","url":"https:\/\/www.aocbmma.com.br\/","logo":{"@type":"ImageObject","inLanguage":"pt-BR","@id":"https:\/\/www.aocbmma.com.br\/#\/schema\/logo\/image\/","url":"https:\/\/www.aocbmma.com.br\/wp-content\/uploads\/2019\/05\/brasao-grande.png","contentUrl":"https:\/\/www.aocbmma.com.br\/wp-content\/uploads\/2019\/05\/brasao-grande.png","width":1154,"height":1155,"caption":"Associa\u00e7\u00e3o dos Oficiais do Corpo de Bombeiros Militar do Maranh\u00e3o"},"image":{"@id":"https:\/\/www.aocbmma.com.br\/#\/schema\/logo\/image\/"},"sameAs":["https:\/\/www.facebook.com\/cobm.ma"]},{"@type":"Person","@id":"https:\/\/www.aocbmma.com.br\/#\/schema\/person\/a1ba16bfa5fbe32ee12aceb27c7f142d","name":"Major Arag\u00e3o","image":{"@type":"ImageObject","inLanguage":"pt-BR","@id":"https:\/\/secure.gravatar.com\/avatar\/ee21e171ab9027738d458ac7c1346c1671cfe551102d21ffd58745fedeb1caf3?s=96&d=mm&r=g","url":"https:\/\/secure.gravatar.com\/avatar\/ee21e171ab9027738d458ac7c1346c1671cfe551102d21ffd58745fedeb1caf3?s=96&d=mm&r=g","contentUrl":"https:\/\/secure.gravatar.com\/avatar\/ee21e171ab9027738d458ac7c1346c1671cfe551102d21ffd58745fedeb1caf3?s=96&d=mm&r=g","caption":"Major Arag\u00e3o"},"sameAs":["http:\/\/www.italobrito.com.br"],"url":"https:\/\/www.aocbmma.com.br\/index.php\/author\/cap-aragao\/"}]}},"_links":{"self":[{"href":"https:\/\/www.aocbmma.com.br\/index.php\/wp-json\/wp\/v2\/posts\/651","targetHints":{"allow":["GET"]}}],"collection":[{"href":"https:\/\/www.aocbmma.com.br\/index.php\/wp-json\/wp\/v2\/posts"}],"about":[{"href":"https:\/\/www.aocbmma.com.br\/index.php\/wp-json\/wp\/v2\/types\/post"}],"author":[{"embeddable":true,"href":"https:\/\/www.aocbmma.com.br\/index.php\/wp-json\/wp\/v2\/users\/1"}],"replies":[{"embeddable":true,"href":"https:\/\/www.aocbmma.com.br\/index.php\/wp-json\/wp\/v2\/comments?post=651"}],"version-history":[{"count":4,"href":"https:\/\/www.aocbmma.com.br\/index.php\/wp-json\/wp\/v2\/posts\/651\/revisions"}],"predecessor-version":[{"id":658,"href":"https:\/\/www.aocbmma.com.br\/index.php\/wp-json\/wp\/v2\/posts\/651\/revisions\/658"}],"wp:featuredmedia":[{"embeddable":true,"href":"https:\/\/www.aocbmma.com.br\/index.php\/wp-json\/wp\/v2\/media\/659"}],"wp:attachment":[{"href":"https:\/\/www.aocbmma.com.br\/index.php\/wp-json\/wp\/v2\/media?parent=651"}],"wp:term":[{"taxonomy":"category","embeddable":true,"href":"https:\/\/www.aocbmma.com.br\/index.php\/wp-json\/wp\/v2\/categories?post=651"},{"taxonomy":"post_tag","embeddable":true,"href":"https:\/\/www.aocbmma.com.br\/index.php\/wp-json\/wp\/v2\/tags?post=651"}],"curies":[{"name":"wp","href":"https:\/\/api.w.org\/{rel}","templated":true}]}}