{"id":633,"date":"2021-07-15T17:55:27","date_gmt":"2021-07-15T20:55:27","guid":{"rendered":"http:\/\/www.aocbmma.com.br\/?p=633"},"modified":"2021-07-15T18:02:21","modified_gmt":"2021-07-15T21:02:21","slug":"deputado-de-mg-e-relator-sobre-o-pedido-de-audiencia-publica-feito-pela-aocbmma","status":"publish","type":"post","link":"https:\/\/www.aocbmma.com.br\/index.php\/2021\/07\/15\/deputado-de-mg-e-relator-sobre-o-pedido-de-audiencia-publica-feito-pela-aocbmma\/","title":{"rendered":"Deputado de MG \u00e9 relator sobre o pedido de audi\u00eancia p\u00fablica feito pela AOCBMMA"},"content":{"rendered":"<p>A Associa\u00e7\u00e3o dos Oficiais do CBMMA fez solicita\u00e7\u00e3o, e foi recepcionada na C\u00e2mara dos Deputados, para a realiza\u00e7\u00e3o de Audi\u00eancia P\u00fablica para debater o Sistema de Prote\u00e7\u00e3o Social dos Militares no Estado do Maranh\u00e3o em face de descumprimento da Lei Federal 13.954 de 16.12.19 (INTEGRALIDADE em especial). No pedido, SUG 8\/21 CLP, a AOCBMMA solicita a participa\u00e7\u00e3o de autoridades locais. O relator designado \u00e9 o Deputado Federal Vilson da Fetaemg (PSB-MG). O Regime de Tramita\u00e7\u00e3o \u00e9 o Ordin\u00e1ria. A AOCBMMA inclusive ingressou judicialmente para que a mesma remunera\u00e7\u00e3o na ativa seja mantida na reserva.<\/p>\n<p><strong><em>A INTEGRALIDADE \u00e9 regra definida na base de c\u00e1lculo da remunera\u00e7\u00e3o na inatividade do militar estadual (art. 24-A, I, \u201ca)\u201d e \u201cb)\u201d), em situa\u00e7\u00e3o de normalidade, ou seja, calculada com base na remunera\u00e7\u00e3o do posto ou da gradua\u00e7\u00e3o no momento de seu pedido de transfer\u00eancia para a inatividade. Essa remunera\u00e7\u00e3o ser\u00e1 integral se cumprido certos requisitos, exclu\u00eddas as vantagens n\u00e3o incorporadas ou n\u00e3o incorpor\u00e1veis, que n\u00e3o devem ter a incid\u00eancia da al\u00edquota\u00a0 de contribui\u00e7\u00e3o. Em um sentido inverso, existindo aqui o desconto nas vantagens n\u00e3o incorpor\u00e1veis e n\u00e3o existindo a integralidade, explica o Tenente Coronel Amaral presidente da AOCBMMA.<\/em><\/strong><\/p>\n<p>Cabe destacar que os vencimentos dos militares s\u00e3o irredut\u00edveis, Art. 71 do Estatuto PMMA, e a pr\u00f3pria Lei Federal fala que na redu\u00e7\u00e3o de remunera\u00e7\u00e3o bruta ou de proventos brutos do militar a diferen\u00e7a ser\u00e1 paga a t\u00edtulo de Vantagem Pessoal Nominalmente Identificada (VPNI).<\/p>\n<p>Outra celeuma jur\u00eddica, antes os inativos e os pensionistas contribu\u00edam com a mesma al\u00edquota incidindo somente sobre os valores da remunera\u00e7\u00e3o que excedessem o teto do Regime Geral de Previd\u00eancia Social. Agora, a contribui\u00e7\u00e3o se d\u00e1 sobre a totalidade das remunera\u00e7\u00f5es e da pens\u00e3o. Fazendo com que os valores reais de contribui\u00e7\u00e3o previdenci\u00e1ria tenham aumento em rela\u00e7\u00e3o ao que se praticava anteriormente.<\/p>\n<p>Por fim uma observa\u00e7\u00e3o importante \u00e9 que o militar n\u00e3o \u00e9 servidor p\u00fablico. A Emenda Constitucional n\u00ba 18, de 1998, retirou a express\u00e3o \u201cServidor P\u00fablico\u201d da designa\u00e7\u00e3o dada aos militares, qualificando esses agentes p\u00fablicos como \u201cMilitares\u201d das For\u00e7as Armadas ou das Pol\u00edcias Militares e Corpos de Bombeiros Militares.<\/p>\n","protected":false},"excerpt":{"rendered":"<p>A Associa\u00e7\u00e3o dos Oficiais do CBMMA fez solicita\u00e7\u00e3o, e foi recepcionada na C\u00e2mara dos Deputados, para a realiza\u00e7\u00e3o de Audi\u00eancia P\u00fablica para debater o Sistema de Prote\u00e7\u00e3o Social dos Militares no Estado do Maranh\u00e3o em face de descumprimento da Lei Federal 13.954 de 16.12.19 (INTEGRALIDADE em especial). No pedido, SUG 8\/21 CLP, a AOCBMMA solicita [&hellip;]<\/p>\n","protected":false},"author":2,"featured_media":581,"comment_status":"open","ping_status":"open","sticky":false,"template":"","format":"standard","meta":{"om_disable_all_campaigns":false,"_monsterinsights_skip_tracking":false,"_monsterinsights_sitenote_active":false,"_monsterinsights_sitenote_note":"","_monsterinsights_sitenote_category":0,"footnotes":""},"categories":[2],"tags":[],"class_list":["post-633","post","type-post","status-publish","format-standard","has-post-thumbnail","hentry","category-noticia"],"aioseo_notices":[],"yoast_head":"<!-- This site is optimized with the Yoast SEO plugin v27.4 - https:\/\/yoast.com\/product\/yoast-seo-wordpress\/ -->\n<title>Deputado de MG \u00e9 relator sobre o pedido de audi\u00eancia p\u00fablica feito pela AOCBMMA | AOCBMMA | Associa\u00e7\u00e3o dos Oficiais do Corpo de Bombeiros Militar do Maranh\u00e3o<\/title>\n<meta name=\"robots\" content=\"index, follow, max-snippet:-1, max-image-preview:large, max-video-preview:-1\" \/>\n<link rel=\"canonical\" href=\"https:\/\/www.aocbmma.com.br\/index.php\/2021\/07\/15\/deputado-de-mg-e-relator-sobre-o-pedido-de-audiencia-publica-feito-pela-aocbmma\/\" \/>\n<meta property=\"og:locale\" content=\"pt_BR\" \/>\n<meta property=\"og:type\" content=\"article\" \/>\n<meta property=\"og:title\" content=\"Deputado de MG \u00e9 relator sobre o pedido de audi\u00eancia p\u00fablica feito pela AOCBMMA | AOCBMMA | Associa\u00e7\u00e3o dos Oficiais do Corpo de Bombeiros Militar do Maranh\u00e3o\" \/>\n<meta property=\"og:description\" content=\"A Associa\u00e7\u00e3o dos Oficiais do CBMMA fez solicita\u00e7\u00e3o, e foi recepcionada na C\u00e2mara dos Deputados, para a realiza\u00e7\u00e3o de Audi\u00eancia P\u00fablica para debater o Sistema de Prote\u00e7\u00e3o Social dos Militares no Estado do Maranh\u00e3o em face de descumprimento da Lei Federal 13.954 de 16.12.19 (INTEGRALIDADE em especial). No pedido, SUG 8\/21 CLP, a AOCBMMA solicita [&hellip;]\" \/>\n<meta property=\"og:url\" content=\"https:\/\/www.aocbmma.com.br\/index.php\/2021\/07\/15\/deputado-de-mg-e-relator-sobre-o-pedido-de-audiencia-publica-feito-pela-aocbmma\/\" \/>\n<meta property=\"og:site_name\" content=\"AOCBMMA | Associa\u00e7\u00e3o dos Oficiais do Corpo de Bombeiros Militar do Maranh\u00e3o\" \/>\n<meta property=\"article:publisher\" content=\"https:\/\/www.facebook.com\/cobm.ma\" \/>\n<meta property=\"article:published_time\" content=\"2021-07-15T20:55:27+00:00\" \/>\n<meta property=\"article:modified_time\" content=\"2021-07-15T21:02:21+00:00\" \/>\n<meta property=\"og:image\" content=\"https:\/\/www.aocbmma.com.br\/wp-content\/uploads\/2021\/05\/1.jpg\" \/>\n\t<meta property=\"og:image:width\" content=\"768\" \/>\n\t<meta property=\"og:image:height\" content=\"650\" \/>\n\t<meta property=\"og:image:type\" content=\"image\/jpeg\" \/>\n<meta name=\"author\" content=\"Ten Cel Amaral\" \/>\n<meta name=\"twitter:card\" content=\"summary_large_image\" \/>\n<meta name=\"twitter:label1\" content=\"Escrito por\" \/>\n\t<meta name=\"twitter:data1\" content=\"Ten Cel Amaral\" \/>\n\t<meta name=\"twitter:label2\" content=\"Est. tempo de leitura\" \/>\n\t<meta name=\"twitter:data2\" content=\"2 minutos\" \/>\n<script type=\"application\/ld+json\" class=\"yoast-schema-graph\">{\"@context\":\"https:\\\/\\\/schema.org\",\"@graph\":[{\"@type\":\"Article\",\"@id\":\"https:\\\/\\\/www.aocbmma.com.br\\\/index.php\\\/2021\\\/07\\\/15\\\/deputado-de-mg-e-relator-sobre-o-pedido-de-audiencia-publica-feito-pela-aocbmma\\\/#article\",\"isPartOf\":{\"@id\":\"https:\\\/\\\/www.aocbmma.com.br\\\/index.php\\\/2021\\\/07\\\/15\\\/deputado-de-mg-e-relator-sobre-o-pedido-de-audiencia-publica-feito-pela-aocbmma\\\/\"},\"author\":{\"name\":\"Ten Cel Amaral\",\"@id\":\"https:\\\/\\\/www.aocbmma.com.br\\\/#\\\/schema\\\/person\\\/3a5b5960a795551100cb7a13b2af62bc\"},\"headline\":\"Deputado de MG \u00e9 relator sobre o pedido de audi\u00eancia p\u00fablica feito pela AOCBMMA\",\"datePublished\":\"2021-07-15T20:55:27+00:00\",\"dateModified\":\"2021-07-15T21:02:21+00:00\",\"mainEntityOfPage\":{\"@id\":\"https:\\\/\\\/www.aocbmma.com.br\\\/index.php\\\/2021\\\/07\\\/15\\\/deputado-de-mg-e-relator-sobre-o-pedido-de-audiencia-publica-feito-pela-aocbmma\\\/\"},\"wordCount\":408,\"commentCount\":0,\"publisher\":{\"@id\":\"https:\\\/\\\/www.aocbmma.com.br\\\/#organization\"},\"image\":{\"@id\":\"https:\\\/\\\/www.aocbmma.com.br\\\/index.php\\\/2021\\\/07\\\/15\\\/deputado-de-mg-e-relator-sobre-o-pedido-de-audiencia-publica-feito-pela-aocbmma\\\/#primaryimage\"},\"thumbnailUrl\":\"https:\\\/\\\/www.aocbmma.com.br\\\/wp-content\\\/uploads\\\/2021\\\/05\\\/1.jpg\",\"articleSection\":[\"not\u00edcia\"],\"inLanguage\":\"pt-BR\",\"potentialAction\":[{\"@type\":\"CommentAction\",\"name\":\"Comment\",\"target\":[\"https:\\\/\\\/www.aocbmma.com.br\\\/index.php\\\/2021\\\/07\\\/15\\\/deputado-de-mg-e-relator-sobre-o-pedido-de-audiencia-publica-feito-pela-aocbmma\\\/#respond\"]}]},{\"@type\":\"WebPage\",\"@id\":\"https:\\\/\\\/www.aocbmma.com.br\\\/index.php\\\/2021\\\/07\\\/15\\\/deputado-de-mg-e-relator-sobre-o-pedido-de-audiencia-publica-feito-pela-aocbmma\\\/\",\"url\":\"https:\\\/\\\/www.aocbmma.com.br\\\/index.php\\\/2021\\\/07\\\/15\\\/deputado-de-mg-e-relator-sobre-o-pedido-de-audiencia-publica-feito-pela-aocbmma\\\/\",\"name\":\"Deputado de MG \u00e9 relator sobre o pedido de audi\u00eancia p\u00fablica feito pela AOCBMMA | AOCBMMA | Associa\u00e7\u00e3o dos Oficiais do Corpo de Bombeiros Militar do Maranh\u00e3o\",\"isPartOf\":{\"@id\":\"https:\\\/\\\/www.aocbmma.com.br\\\/#website\"},\"primaryImageOfPage\":{\"@id\":\"https:\\\/\\\/www.aocbmma.com.br\\\/index.php\\\/2021\\\/07\\\/15\\\/deputado-de-mg-e-relator-sobre-o-pedido-de-audiencia-publica-feito-pela-aocbmma\\\/#primaryimage\"},\"image\":{\"@id\":\"https:\\\/\\\/www.aocbmma.com.br\\\/index.php\\\/2021\\\/07\\\/15\\\/deputado-de-mg-e-relator-sobre-o-pedido-de-audiencia-publica-feito-pela-aocbmma\\\/#primaryimage\"},\"thumbnailUrl\":\"https:\\\/\\\/www.aocbmma.com.br\\\/wp-content\\\/uploads\\\/2021\\\/05\\\/1.jpg\",\"datePublished\":\"2021-07-15T20:55:27+00:00\",\"dateModified\":\"2021-07-15T21:02:21+00:00\",\"breadcrumb\":{\"@id\":\"https:\\\/\\\/www.aocbmma.com.br\\\/index.php\\\/2021\\\/07\\\/15\\\/deputado-de-mg-e-relator-sobre-o-pedido-de-audiencia-publica-feito-pela-aocbmma\\\/#breadcrumb\"},\"inLanguage\":\"pt-BR\",\"potentialAction\":[{\"@type\":\"ReadAction\",\"target\":[\"https:\\\/\\\/www.aocbmma.com.br\\\/index.php\\\/2021\\\/07\\\/15\\\/deputado-de-mg-e-relator-sobre-o-pedido-de-audiencia-publica-feito-pela-aocbmma\\\/\"]}]},{\"@type\":\"ImageObject\",\"inLanguage\":\"pt-BR\",\"@id\":\"https:\\\/\\\/www.aocbmma.com.br\\\/index.php\\\/2021\\\/07\\\/15\\\/deputado-de-mg-e-relator-sobre-o-pedido-de-audiencia-publica-feito-pela-aocbmma\\\/#primaryimage\",\"url\":\"https:\\\/\\\/www.aocbmma.com.br\\\/wp-content\\\/uploads\\\/2021\\\/05\\\/1.jpg\",\"contentUrl\":\"https:\\\/\\\/www.aocbmma.com.br\\\/wp-content\\\/uploads\\\/2021\\\/05\\\/1.jpg\",\"width\":768,\"height\":650},{\"@type\":\"BreadcrumbList\",\"@id\":\"https:\\\/\\\/www.aocbmma.com.br\\\/index.php\\\/2021\\\/07\\\/15\\\/deputado-de-mg-e-relator-sobre-o-pedido-de-audiencia-publica-feito-pela-aocbmma\\\/#breadcrumb\",\"itemListElement\":[{\"@type\":\"ListItem\",\"position\":1,\"name\":\"In\u00edcio\",\"item\":\"https:\\\/\\\/www.aocbmma.com.br\\\/\"},{\"@type\":\"ListItem\",\"position\":2,\"name\":\"Deputado de MG \u00e9 relator sobre o pedido de audi\u00eancia p\u00fablica feito pela AOCBMMA\"}]},{\"@type\":\"WebSite\",\"@id\":\"https:\\\/\\\/www.aocbmma.com.br\\\/#website\",\"url\":\"https:\\\/\\\/www.aocbmma.com.br\\\/\",\"name\":\"AOCBMMA\",\"description\":\"\",\"publisher\":{\"@id\":\"https:\\\/\\\/www.aocbmma.com.br\\\/#organization\"},\"potentialAction\":[{\"@type\":\"SearchAction\",\"target\":{\"@type\":\"EntryPoint\",\"urlTemplate\":\"https:\\\/\\\/www.aocbmma.com.br\\\/?s={search_term_string}\"},\"query-input\":{\"@type\":\"PropertyValueSpecification\",\"valueRequired\":true,\"valueName\":\"search_term_string\"}}],\"inLanguage\":\"pt-BR\"},{\"@type\":\"Organization\",\"@id\":\"https:\\\/\\\/www.aocbmma.com.br\\\/#organization\",\"name\":\"Associa\u00e7\u00e3o dos Oficiais do Corpo de Bombeiros Militar do Maranh\u00e3o\",\"url\":\"https:\\\/\\\/www.aocbmma.com.br\\\/\",\"logo\":{\"@type\":\"ImageObject\",\"inLanguage\":\"pt-BR\",\"@id\":\"https:\\\/\\\/www.aocbmma.com.br\\\/#\\\/schema\\\/logo\\\/image\\\/\",\"url\":\"https:\\\/\\\/www.aocbmma.com.br\\\/wp-content\\\/uploads\\\/2019\\\/05\\\/brasao-grande.png\",\"contentUrl\":\"https:\\\/\\\/www.aocbmma.com.br\\\/wp-content\\\/uploads\\\/2019\\\/05\\\/brasao-grande.png\",\"width\":1154,\"height\":1155,\"caption\":\"Associa\u00e7\u00e3o dos Oficiais do Corpo de Bombeiros Militar do Maranh\u00e3o\"},\"image\":{\"@id\":\"https:\\\/\\\/www.aocbmma.com.br\\\/#\\\/schema\\\/logo\\\/image\\\/\"},\"sameAs\":[\"https:\\\/\\\/www.facebook.com\\\/cobm.ma\"]},{\"@type\":\"Person\",\"@id\":\"https:\\\/\\\/www.aocbmma.com.br\\\/#\\\/schema\\\/person\\\/3a5b5960a795551100cb7a13b2af62bc\",\"name\":\"Ten Cel Amaral\",\"image\":{\"@type\":\"ImageObject\",\"inLanguage\":\"pt-BR\",\"@id\":\"https:\\\/\\\/secure.gravatar.com\\\/avatar\\\/f44c085a01cf95e6ba3ee56dec104296bc4b83485275c61cc9e1f2ac08d0e876?s=96&d=mm&r=g\",\"url\":\"https:\\\/\\\/secure.gravatar.com\\\/avatar\\\/f44c085a01cf95e6ba3ee56dec104296bc4b83485275c61cc9e1f2ac08d0e876?s=96&d=mm&r=g\",\"contentUrl\":\"https:\\\/\\\/secure.gravatar.com\\\/avatar\\\/f44c085a01cf95e6ba3ee56dec104296bc4b83485275c61cc9e1f2ac08d0e876?s=96&d=mm&r=g\",\"caption\":\"Ten Cel Amaral\"},\"url\":\"https:\\\/\\\/www.aocbmma.com.br\\\/index.php\\\/author\\\/islandy-amaral\\\/\"}]}<\/script>\n<!-- \/ Yoast SEO plugin. -->","yoast_head_json":{"title":"Deputado de MG \u00e9 relator sobre o pedido de audi\u00eancia p\u00fablica feito pela AOCBMMA | AOCBMMA | Associa\u00e7\u00e3o dos Oficiais do Corpo de Bombeiros Militar do Maranh\u00e3o","robots":{"index":"index","follow":"follow","max-snippet":"max-snippet:-1","max-image-preview":"max-image-preview:large","max-video-preview":"max-video-preview:-1"},"canonical":"https:\/\/www.aocbmma.com.br\/index.php\/2021\/07\/15\/deputado-de-mg-e-relator-sobre-o-pedido-de-audiencia-publica-feito-pela-aocbmma\/","og_locale":"pt_BR","og_type":"article","og_title":"Deputado de MG \u00e9 relator sobre o pedido de audi\u00eancia p\u00fablica feito pela AOCBMMA | AOCBMMA | Associa\u00e7\u00e3o dos Oficiais do Corpo de Bombeiros Militar do Maranh\u00e3o","og_description":"A Associa\u00e7\u00e3o dos Oficiais do CBMMA fez solicita\u00e7\u00e3o, e foi recepcionada na C\u00e2mara dos Deputados, para a realiza\u00e7\u00e3o de Audi\u00eancia P\u00fablica para debater o Sistema de Prote\u00e7\u00e3o Social dos Militares no Estado do Maranh\u00e3o em face de descumprimento da Lei Federal 13.954 de 16.12.19 (INTEGRALIDADE em especial). No pedido, SUG 8\/21 CLP, a AOCBMMA solicita [&hellip;]","og_url":"https:\/\/www.aocbmma.com.br\/index.php\/2021\/07\/15\/deputado-de-mg-e-relator-sobre-o-pedido-de-audiencia-publica-feito-pela-aocbmma\/","og_site_name":"AOCBMMA | Associa\u00e7\u00e3o dos Oficiais do Corpo de Bombeiros Militar do Maranh\u00e3o","article_publisher":"https:\/\/www.facebook.com\/cobm.ma","article_published_time":"2021-07-15T20:55:27+00:00","article_modified_time":"2021-07-15T21:02:21+00:00","og_image":[{"width":768,"height":650,"url":"https:\/\/www.aocbmma.com.br\/wp-content\/uploads\/2021\/05\/1.jpg","type":"image\/jpeg"}],"author":"Ten Cel Amaral","twitter_card":"summary_large_image","twitter_misc":{"Escrito por":"Ten Cel Amaral","Est. tempo de leitura":"2 minutos"},"schema":{"@context":"https:\/\/schema.org","@graph":[{"@type":"Article","@id":"https:\/\/www.aocbmma.com.br\/index.php\/2021\/07\/15\/deputado-de-mg-e-relator-sobre-o-pedido-de-audiencia-publica-feito-pela-aocbmma\/#article","isPartOf":{"@id":"https:\/\/www.aocbmma.com.br\/index.php\/2021\/07\/15\/deputado-de-mg-e-relator-sobre-o-pedido-de-audiencia-publica-feito-pela-aocbmma\/"},"author":{"name":"Ten Cel Amaral","@id":"https:\/\/www.aocbmma.com.br\/#\/schema\/person\/3a5b5960a795551100cb7a13b2af62bc"},"headline":"Deputado de MG \u00e9 relator sobre o pedido de audi\u00eancia p\u00fablica feito pela AOCBMMA","datePublished":"2021-07-15T20:55:27+00:00","dateModified":"2021-07-15T21:02:21+00:00","mainEntityOfPage":{"@id":"https:\/\/www.aocbmma.com.br\/index.php\/2021\/07\/15\/deputado-de-mg-e-relator-sobre-o-pedido-de-audiencia-publica-feito-pela-aocbmma\/"},"wordCount":408,"commentCount":0,"publisher":{"@id":"https:\/\/www.aocbmma.com.br\/#organization"},"image":{"@id":"https:\/\/www.aocbmma.com.br\/index.php\/2021\/07\/15\/deputado-de-mg-e-relator-sobre-o-pedido-de-audiencia-publica-feito-pela-aocbmma\/#primaryimage"},"thumbnailUrl":"https:\/\/www.aocbmma.com.br\/wp-content\/uploads\/2021\/05\/1.jpg","articleSection":["not\u00edcia"],"inLanguage":"pt-BR","potentialAction":[{"@type":"CommentAction","name":"Comment","target":["https:\/\/www.aocbmma.com.br\/index.php\/2021\/07\/15\/deputado-de-mg-e-relator-sobre-o-pedido-de-audiencia-publica-feito-pela-aocbmma\/#respond"]}]},{"@type":"WebPage","@id":"https:\/\/www.aocbmma.com.br\/index.php\/2021\/07\/15\/deputado-de-mg-e-relator-sobre-o-pedido-de-audiencia-publica-feito-pela-aocbmma\/","url":"https:\/\/www.aocbmma.com.br\/index.php\/2021\/07\/15\/deputado-de-mg-e-relator-sobre-o-pedido-de-audiencia-publica-feito-pela-aocbmma\/","name":"Deputado de MG \u00e9 relator sobre o pedido de audi\u00eancia p\u00fablica feito pela AOCBMMA | AOCBMMA | Associa\u00e7\u00e3o dos Oficiais do Corpo de Bombeiros Militar do Maranh\u00e3o","isPartOf":{"@id":"https:\/\/www.aocbmma.com.br\/#website"},"primaryImageOfPage":{"@id":"https:\/\/www.aocbmma.com.br\/index.php\/2021\/07\/15\/deputado-de-mg-e-relator-sobre-o-pedido-de-audiencia-publica-feito-pela-aocbmma\/#primaryimage"},"image":{"@id":"https:\/\/www.aocbmma.com.br\/index.php\/2021\/07\/15\/deputado-de-mg-e-relator-sobre-o-pedido-de-audiencia-publica-feito-pela-aocbmma\/#primaryimage"},"thumbnailUrl":"https:\/\/www.aocbmma.com.br\/wp-content\/uploads\/2021\/05\/1.jpg","datePublished":"2021-07-15T20:55:27+00:00","dateModified":"2021-07-15T21:02:21+00:00","breadcrumb":{"@id":"https:\/\/www.aocbmma.com.br\/index.php\/2021\/07\/15\/deputado-de-mg-e-relator-sobre-o-pedido-de-audiencia-publica-feito-pela-aocbmma\/#breadcrumb"},"inLanguage":"pt-BR","potentialAction":[{"@type":"ReadAction","target":["https:\/\/www.aocbmma.com.br\/index.php\/2021\/07\/15\/deputado-de-mg-e-relator-sobre-o-pedido-de-audiencia-publica-feito-pela-aocbmma\/"]}]},{"@type":"ImageObject","inLanguage":"pt-BR","@id":"https:\/\/www.aocbmma.com.br\/index.php\/2021\/07\/15\/deputado-de-mg-e-relator-sobre-o-pedido-de-audiencia-publica-feito-pela-aocbmma\/#primaryimage","url":"https:\/\/www.aocbmma.com.br\/wp-content\/uploads\/2021\/05\/1.jpg","contentUrl":"https:\/\/www.aocbmma.com.br\/wp-content\/uploads\/2021\/05\/1.jpg","width":768,"height":650},{"@type":"BreadcrumbList","@id":"https:\/\/www.aocbmma.com.br\/index.php\/2021\/07\/15\/deputado-de-mg-e-relator-sobre-o-pedido-de-audiencia-publica-feito-pela-aocbmma\/#breadcrumb","itemListElement":[{"@type":"ListItem","position":1,"name":"In\u00edcio","item":"https:\/\/www.aocbmma.com.br\/"},{"@type":"ListItem","position":2,"name":"Deputado de MG \u00e9 relator sobre o pedido de audi\u00eancia p\u00fablica feito pela AOCBMMA"}]},{"@type":"WebSite","@id":"https:\/\/www.aocbmma.com.br\/#website","url":"https:\/\/www.aocbmma.com.br\/","name":"AOCBMMA","description":"","publisher":{"@id":"https:\/\/www.aocbmma.com.br\/#organization"},"potentialAction":[{"@type":"SearchAction","target":{"@type":"EntryPoint","urlTemplate":"https:\/\/www.aocbmma.com.br\/?s={search_term_string}"},"query-input":{"@type":"PropertyValueSpecification","valueRequired":true,"valueName":"search_term_string"}}],"inLanguage":"pt-BR"},{"@type":"Organization","@id":"https:\/\/www.aocbmma.com.br\/#organization","name":"Associa\u00e7\u00e3o dos Oficiais do Corpo de Bombeiros Militar do Maranh\u00e3o","url":"https:\/\/www.aocbmma.com.br\/","logo":{"@type":"ImageObject","inLanguage":"pt-BR","@id":"https:\/\/www.aocbmma.com.br\/#\/schema\/logo\/image\/","url":"https:\/\/www.aocbmma.com.br\/wp-content\/uploads\/2019\/05\/brasao-grande.png","contentUrl":"https:\/\/www.aocbmma.com.br\/wp-content\/uploads\/2019\/05\/brasao-grande.png","width":1154,"height":1155,"caption":"Associa\u00e7\u00e3o dos Oficiais do Corpo de Bombeiros Militar do Maranh\u00e3o"},"image":{"@id":"https:\/\/www.aocbmma.com.br\/#\/schema\/logo\/image\/"},"sameAs":["https:\/\/www.facebook.com\/cobm.ma"]},{"@type":"Person","@id":"https:\/\/www.aocbmma.com.br\/#\/schema\/person\/3a5b5960a795551100cb7a13b2af62bc","name":"Ten Cel Amaral","image":{"@type":"ImageObject","inLanguage":"pt-BR","@id":"https:\/\/secure.gravatar.com\/avatar\/f44c085a01cf95e6ba3ee56dec104296bc4b83485275c61cc9e1f2ac08d0e876?s=96&d=mm&r=g","url":"https:\/\/secure.gravatar.com\/avatar\/f44c085a01cf95e6ba3ee56dec104296bc4b83485275c61cc9e1f2ac08d0e876?s=96&d=mm&r=g","contentUrl":"https:\/\/secure.gravatar.com\/avatar\/f44c085a01cf95e6ba3ee56dec104296bc4b83485275c61cc9e1f2ac08d0e876?s=96&d=mm&r=g","caption":"Ten Cel Amaral"},"url":"https:\/\/www.aocbmma.com.br\/index.php\/author\/islandy-amaral\/"}]}},"_links":{"self":[{"href":"https:\/\/www.aocbmma.com.br\/index.php\/wp-json\/wp\/v2\/posts\/633","targetHints":{"allow":["GET"]}}],"collection":[{"href":"https:\/\/www.aocbmma.com.br\/index.php\/wp-json\/wp\/v2\/posts"}],"about":[{"href":"https:\/\/www.aocbmma.com.br\/index.php\/wp-json\/wp\/v2\/types\/post"}],"author":[{"embeddable":true,"href":"https:\/\/www.aocbmma.com.br\/index.php\/wp-json\/wp\/v2\/users\/2"}],"replies":[{"embeddable":true,"href":"https:\/\/www.aocbmma.com.br\/index.php\/wp-json\/wp\/v2\/comments?post=633"}],"version-history":[{"count":3,"href":"https:\/\/www.aocbmma.com.br\/index.php\/wp-json\/wp\/v2\/posts\/633\/revisions"}],"predecessor-version":[{"id":636,"href":"https:\/\/www.aocbmma.com.br\/index.php\/wp-json\/wp\/v2\/posts\/633\/revisions\/636"}],"wp:featuredmedia":[{"embeddable":true,"href":"https:\/\/www.aocbmma.com.br\/index.php\/wp-json\/wp\/v2\/media\/581"}],"wp:attachment":[{"href":"https:\/\/www.aocbmma.com.br\/index.php\/wp-json\/wp\/v2\/media?parent=633"}],"wp:term":[{"taxonomy":"category","embeddable":true,"href":"https:\/\/www.aocbmma.com.br\/index.php\/wp-json\/wp\/v2\/categories?post=633"},{"taxonomy":"post_tag","embeddable":true,"href":"https:\/\/www.aocbmma.com.br\/index.php\/wp-json\/wp\/v2\/tags?post=633"}],"curies":[{"name":"wp","href":"https:\/\/api.w.org\/{rel}","templated":true}]}}