{"id":559,"date":"2021-04-28T22:32:58","date_gmt":"2021-04-29T01:32:58","guid":{"rendered":"http:\/\/www.aocbmma.com.br\/?p=559"},"modified":"2021-04-28T22:32:58","modified_gmt":"2021-04-29T01:32:58","slug":"convocacao-de-assembleia-geral","status":"publish","type":"post","link":"https:\/\/www.aocbmma.com.br\/index.php\/2021\/04\/28\/convocacao-de-assembleia-geral\/","title":{"rendered":"CONVOCA\u00c7\u00c3O DE ASSEMBLEIA GERAL"},"content":{"rendered":"<p>Torna sem efeito o Edital de Convoca\u00e7\u00e3o datado de 20 de abril de 2021 e convoca todos os s\u00f3cios para reunirem-se em Assembleia Geral Extraordin\u00e1ria a ser realizada por v\u00eddeo confer\u00eancia que ocorrer\u00e1 em primeira chamada \u00e0s 16h00min do dia 10 de MAIO de 2021.<\/p>\n<p>Pauta da Reuni\u00e3o (Ordem do dia)<\/p>\n<ol>\n<li>An\u00e1lise e aprecia\u00e7\u00e3o das contas do exerc\u00edcio 2020;<\/li>\n<li>Nomea\u00e7\u00e3o da Comiss\u00e3o Eleitoral \u2013 ELEI\u00c7\u00c3O 2021 e Fixa\u00e7\u00e3o de novas datas das Elei\u00e7\u00f5es para a Diretoria Executiva e Conselhos ou Prorroga\u00e7\u00e3o de Extens\u00e3o de Mandato.<\/li>\n<\/ol>\n<p>Baixe o Edital:<\/p>\n<p><a href=\"http:\/\/www.aocbmma.com.br\/wp-content\/uploads\/2021\/04\/Edital-de-Convoca\u00e7\u00e3o-29.04.2021.pdf\">Edital de Convoca\u00e7\u00e3o 29.04.2021<\/a><\/p>\n","protected":false},"excerpt":{"rendered":"<p>Torna sem efeito o Edital de Convoca\u00e7\u00e3o datado de 20 de abril de 2021 e convoca todos os s\u00f3cios para reunirem-se em Assembleia Geral Extraordin\u00e1ria a ser realizada por v\u00eddeo confer\u00eancia que ocorrer\u00e1 em primeira chamada \u00e0s 16h00min do dia 10 de MAIO de 2021. Pauta da Reuni\u00e3o (Ordem do dia) An\u00e1lise e aprecia\u00e7\u00e3o das [&hellip;]<\/p>\n","protected":false},"author":2,"featured_media":349,"comment_status":"open","ping_status":"open","sticky":false,"template":"","format":"standard","meta":{"om_disable_all_campaigns":false,"_monsterinsights_skip_tracking":false,"_monsterinsights_sitenote_active":false,"_monsterinsights_sitenote_note":"","_monsterinsights_sitenote_category":0,"footnotes":""},"categories":[2],"tags":[],"class_list":["post-559","post","type-post","status-publish","format-standard","has-post-thumbnail","hentry","category-noticia"],"aioseo_notices":[],"yoast_head":"<!-- This site is optimized with the Yoast SEO plugin v27.4 - https:\/\/yoast.com\/product\/yoast-seo-wordpress\/ -->\n<title>CONVOCA\u00c7\u00c3O DE ASSEMBLEIA GERAL | AOCBMMA | Associa\u00e7\u00e3o dos Oficiais do Corpo de Bombeiros Militar do Maranh\u00e3o<\/title>\n<meta name=\"robots\" content=\"index, follow, max-snippet:-1, max-image-preview:large, max-video-preview:-1\" \/>\n<link rel=\"canonical\" href=\"https:\/\/www.aocbmma.com.br\/index.php\/2021\/04\/28\/convocacao-de-assembleia-geral\/\" \/>\n<meta property=\"og:locale\" content=\"pt_BR\" \/>\n<meta property=\"og:type\" content=\"article\" \/>\n<meta property=\"og:title\" content=\"CONVOCA\u00c7\u00c3O DE ASSEMBLEIA GERAL | AOCBMMA | Associa\u00e7\u00e3o dos Oficiais do Corpo de Bombeiros Militar do Maranh\u00e3o\" \/>\n<meta property=\"og:description\" content=\"Torna sem efeito o Edital de Convoca\u00e7\u00e3o datado de 20 de abril de 2021 e convoca todos os s\u00f3cios para reunirem-se em Assembleia Geral Extraordin\u00e1ria a ser realizada por v\u00eddeo confer\u00eancia que ocorrer\u00e1 em primeira chamada \u00e0s 16h00min do dia 10 de MAIO de 2021. Pauta da Reuni\u00e3o (Ordem do dia) An\u00e1lise e aprecia\u00e7\u00e3o das [&hellip;]\" \/>\n<meta property=\"og:url\" content=\"https:\/\/www.aocbmma.com.br\/index.php\/2021\/04\/28\/convocacao-de-assembleia-geral\/\" \/>\n<meta property=\"og:site_name\" content=\"AOCBMMA | Associa\u00e7\u00e3o dos Oficiais do Corpo de Bombeiros Militar do Maranh\u00e3o\" \/>\n<meta property=\"article:publisher\" content=\"https:\/\/www.facebook.com\/cobm.ma\" \/>\n<meta property=\"article:published_time\" content=\"2021-04-29T01:32:58+00:00\" \/>\n<meta property=\"og:image\" content=\"https:\/\/www.aocbmma.com.br\/wp-content\/uploads\/2019\/05\/brasao-grande.png\" \/>\n\t<meta property=\"og:image:width\" content=\"1154\" \/>\n\t<meta property=\"og:image:height\" content=\"1155\" \/>\n\t<meta property=\"og:image:type\" content=\"image\/png\" \/>\n<meta name=\"author\" content=\"Ten Cel Amaral\" \/>\n<meta name=\"twitter:card\" content=\"summary_large_image\" \/>\n<meta name=\"twitter:label1\" content=\"Escrito por\" \/>\n\t<meta name=\"twitter:data1\" content=\"Ten Cel Amaral\" \/>\n\t<meta name=\"twitter:label2\" content=\"Est. tempo de leitura\" \/>\n\t<meta name=\"twitter:data2\" content=\"1 minuto\" \/>\n<script type=\"application\/ld+json\" class=\"yoast-schema-graph\">{\"@context\":\"https:\\\/\\\/schema.org\",\"@graph\":[{\"@type\":\"Article\",\"@id\":\"https:\\\/\\\/www.aocbmma.com.br\\\/index.php\\\/2021\\\/04\\\/28\\\/convocacao-de-assembleia-geral\\\/#article\",\"isPartOf\":{\"@id\":\"https:\\\/\\\/www.aocbmma.com.br\\\/index.php\\\/2021\\\/04\\\/28\\\/convocacao-de-assembleia-geral\\\/\"},\"author\":{\"name\":\"Ten Cel Amaral\",\"@id\":\"https:\\\/\\\/www.aocbmma.com.br\\\/#\\\/schema\\\/person\\\/3a5b5960a795551100cb7a13b2af62bc\"},\"headline\":\"CONVOCA\u00c7\u00c3O DE ASSEMBLEIA GERAL\",\"datePublished\":\"2021-04-29T01:32:58+00:00\",\"mainEntityOfPage\":{\"@id\":\"https:\\\/\\\/www.aocbmma.com.br\\\/index.php\\\/2021\\\/04\\\/28\\\/convocacao-de-assembleia-geral\\\/\"},\"wordCount\":107,\"commentCount\":0,\"publisher\":{\"@id\":\"https:\\\/\\\/www.aocbmma.com.br\\\/#organization\"},\"image\":{\"@id\":\"https:\\\/\\\/www.aocbmma.com.br\\\/index.php\\\/2021\\\/04\\\/28\\\/convocacao-de-assembleia-geral\\\/#primaryimage\"},\"thumbnailUrl\":\"https:\\\/\\\/www.aocbmma.com.br\\\/wp-content\\\/uploads\\\/2019\\\/05\\\/brasao-grande.png\",\"articleSection\":[\"not\u00edcia\"],\"inLanguage\":\"pt-BR\",\"potentialAction\":[{\"@type\":\"CommentAction\",\"name\":\"Comment\",\"target\":[\"https:\\\/\\\/www.aocbmma.com.br\\\/index.php\\\/2021\\\/04\\\/28\\\/convocacao-de-assembleia-geral\\\/#respond\"]}]},{\"@type\":\"WebPage\",\"@id\":\"https:\\\/\\\/www.aocbmma.com.br\\\/index.php\\\/2021\\\/04\\\/28\\\/convocacao-de-assembleia-geral\\\/\",\"url\":\"https:\\\/\\\/www.aocbmma.com.br\\\/index.php\\\/2021\\\/04\\\/28\\\/convocacao-de-assembleia-geral\\\/\",\"name\":\"CONVOCA\u00c7\u00c3O DE ASSEMBLEIA GERAL | AOCBMMA | Associa\u00e7\u00e3o dos Oficiais do Corpo de Bombeiros Militar do Maranh\u00e3o\",\"isPartOf\":{\"@id\":\"https:\\\/\\\/www.aocbmma.com.br\\\/#website\"},\"primaryImageOfPage\":{\"@id\":\"https:\\\/\\\/www.aocbmma.com.br\\\/index.php\\\/2021\\\/04\\\/28\\\/convocacao-de-assembleia-geral\\\/#primaryimage\"},\"image\":{\"@id\":\"https:\\\/\\\/www.aocbmma.com.br\\\/index.php\\\/2021\\\/04\\\/28\\\/convocacao-de-assembleia-geral\\\/#primaryimage\"},\"thumbnailUrl\":\"https:\\\/\\\/www.aocbmma.com.br\\\/wp-content\\\/uploads\\\/2019\\\/05\\\/brasao-grande.png\",\"datePublished\":\"2021-04-29T01:32:58+00:00\",\"breadcrumb\":{\"@id\":\"https:\\\/\\\/www.aocbmma.com.br\\\/index.php\\\/2021\\\/04\\\/28\\\/convocacao-de-assembleia-geral\\\/#breadcrumb\"},\"inLanguage\":\"pt-BR\",\"potentialAction\":[{\"@type\":\"ReadAction\",\"target\":[\"https:\\\/\\\/www.aocbmma.com.br\\\/index.php\\\/2021\\\/04\\\/28\\\/convocacao-de-assembleia-geral\\\/\"]}]},{\"@type\":\"ImageObject\",\"inLanguage\":\"pt-BR\",\"@id\":\"https:\\\/\\\/www.aocbmma.com.br\\\/index.php\\\/2021\\\/04\\\/28\\\/convocacao-de-assembleia-geral\\\/#primaryimage\",\"url\":\"https:\\\/\\\/www.aocbmma.com.br\\\/wp-content\\\/uploads\\\/2019\\\/05\\\/brasao-grande.png\",\"contentUrl\":\"https:\\\/\\\/www.aocbmma.com.br\\\/wp-content\\\/uploads\\\/2019\\\/05\\\/brasao-grande.png\",\"width\":1154,\"height\":1155},{\"@type\":\"BreadcrumbList\",\"@id\":\"https:\\\/\\\/www.aocbmma.com.br\\\/index.php\\\/2021\\\/04\\\/28\\\/convocacao-de-assembleia-geral\\\/#breadcrumb\",\"itemListElement\":[{\"@type\":\"ListItem\",\"position\":1,\"name\":\"In\u00edcio\",\"item\":\"https:\\\/\\\/www.aocbmma.com.br\\\/\"},{\"@type\":\"ListItem\",\"position\":2,\"name\":\"CONVOCA\u00c7\u00c3O DE ASSEMBLEIA GERAL\"}]},{\"@type\":\"WebSite\",\"@id\":\"https:\\\/\\\/www.aocbmma.com.br\\\/#website\",\"url\":\"https:\\\/\\\/www.aocbmma.com.br\\\/\",\"name\":\"AOCBMMA\",\"description\":\"\",\"publisher\":{\"@id\":\"https:\\\/\\\/www.aocbmma.com.br\\\/#organization\"},\"potentialAction\":[{\"@type\":\"SearchAction\",\"target\":{\"@type\":\"EntryPoint\",\"urlTemplate\":\"https:\\\/\\\/www.aocbmma.com.br\\\/?s={search_term_string}\"},\"query-input\":{\"@type\":\"PropertyValueSpecification\",\"valueRequired\":true,\"valueName\":\"search_term_string\"}}],\"inLanguage\":\"pt-BR\"},{\"@type\":\"Organization\",\"@id\":\"https:\\\/\\\/www.aocbmma.com.br\\\/#organization\",\"name\":\"Associa\u00e7\u00e3o dos Oficiais do Corpo de Bombeiros Militar do Maranh\u00e3o\",\"url\":\"https:\\\/\\\/www.aocbmma.com.br\\\/\",\"logo\":{\"@type\":\"ImageObject\",\"inLanguage\":\"pt-BR\",\"@id\":\"https:\\\/\\\/www.aocbmma.com.br\\\/#\\\/schema\\\/logo\\\/image\\\/\",\"url\":\"https:\\\/\\\/www.aocbmma.com.br\\\/wp-content\\\/uploads\\\/2019\\\/05\\\/brasao-grande.png\",\"contentUrl\":\"https:\\\/\\\/www.aocbmma.com.br\\\/wp-content\\\/uploads\\\/2019\\\/05\\\/brasao-grande.png\",\"width\":1154,\"height\":1155,\"caption\":\"Associa\u00e7\u00e3o dos Oficiais do Corpo de Bombeiros Militar do Maranh\u00e3o\"},\"image\":{\"@id\":\"https:\\\/\\\/www.aocbmma.com.br\\\/#\\\/schema\\\/logo\\\/image\\\/\"},\"sameAs\":[\"https:\\\/\\\/www.facebook.com\\\/cobm.ma\"]},{\"@type\":\"Person\",\"@id\":\"https:\\\/\\\/www.aocbmma.com.br\\\/#\\\/schema\\\/person\\\/3a5b5960a795551100cb7a13b2af62bc\",\"name\":\"Ten Cel Amaral\",\"image\":{\"@type\":\"ImageObject\",\"inLanguage\":\"pt-BR\",\"@id\":\"https:\\\/\\\/secure.gravatar.com\\\/avatar\\\/f44c085a01cf95e6ba3ee56dec104296bc4b83485275c61cc9e1f2ac08d0e876?s=96&d=mm&r=g\",\"url\":\"https:\\\/\\\/secure.gravatar.com\\\/avatar\\\/f44c085a01cf95e6ba3ee56dec104296bc4b83485275c61cc9e1f2ac08d0e876?s=96&d=mm&r=g\",\"contentUrl\":\"https:\\\/\\\/secure.gravatar.com\\\/avatar\\\/f44c085a01cf95e6ba3ee56dec104296bc4b83485275c61cc9e1f2ac08d0e876?s=96&d=mm&r=g\",\"caption\":\"Ten Cel Amaral\"},\"url\":\"https:\\\/\\\/www.aocbmma.com.br\\\/index.php\\\/author\\\/islandy-amaral\\\/\"}]}<\/script>\n<!-- \/ Yoast SEO plugin. -->","yoast_head_json":{"title":"CONVOCA\u00c7\u00c3O DE ASSEMBLEIA GERAL | AOCBMMA | Associa\u00e7\u00e3o dos Oficiais do Corpo de Bombeiros Militar do Maranh\u00e3o","robots":{"index":"index","follow":"follow","max-snippet":"max-snippet:-1","max-image-preview":"max-image-preview:large","max-video-preview":"max-video-preview:-1"},"canonical":"https:\/\/www.aocbmma.com.br\/index.php\/2021\/04\/28\/convocacao-de-assembleia-geral\/","og_locale":"pt_BR","og_type":"article","og_title":"CONVOCA\u00c7\u00c3O DE ASSEMBLEIA GERAL | AOCBMMA | Associa\u00e7\u00e3o dos Oficiais do Corpo de Bombeiros Militar do Maranh\u00e3o","og_description":"Torna sem efeito o Edital de Convoca\u00e7\u00e3o datado de 20 de abril de 2021 e convoca todos os s\u00f3cios para reunirem-se em Assembleia Geral Extraordin\u00e1ria a ser realizada por v\u00eddeo confer\u00eancia que ocorrer\u00e1 em primeira chamada \u00e0s 16h00min do dia 10 de MAIO de 2021. Pauta da Reuni\u00e3o (Ordem do dia) An\u00e1lise e aprecia\u00e7\u00e3o das [&hellip;]","og_url":"https:\/\/www.aocbmma.com.br\/index.php\/2021\/04\/28\/convocacao-de-assembleia-geral\/","og_site_name":"AOCBMMA | Associa\u00e7\u00e3o dos Oficiais do Corpo de Bombeiros Militar do Maranh\u00e3o","article_publisher":"https:\/\/www.facebook.com\/cobm.ma","article_published_time":"2021-04-29T01:32:58+00:00","og_image":[{"width":1154,"height":1155,"url":"https:\/\/www.aocbmma.com.br\/wp-content\/uploads\/2019\/05\/brasao-grande.png","type":"image\/png"}],"author":"Ten Cel Amaral","twitter_card":"summary_large_image","twitter_misc":{"Escrito por":"Ten Cel Amaral","Est. tempo de leitura":"1 minuto"},"schema":{"@context":"https:\/\/schema.org","@graph":[{"@type":"Article","@id":"https:\/\/www.aocbmma.com.br\/index.php\/2021\/04\/28\/convocacao-de-assembleia-geral\/#article","isPartOf":{"@id":"https:\/\/www.aocbmma.com.br\/index.php\/2021\/04\/28\/convocacao-de-assembleia-geral\/"},"author":{"name":"Ten Cel Amaral","@id":"https:\/\/www.aocbmma.com.br\/#\/schema\/person\/3a5b5960a795551100cb7a13b2af62bc"},"headline":"CONVOCA\u00c7\u00c3O DE ASSEMBLEIA GERAL","datePublished":"2021-04-29T01:32:58+00:00","mainEntityOfPage":{"@id":"https:\/\/www.aocbmma.com.br\/index.php\/2021\/04\/28\/convocacao-de-assembleia-geral\/"},"wordCount":107,"commentCount":0,"publisher":{"@id":"https:\/\/www.aocbmma.com.br\/#organization"},"image":{"@id":"https:\/\/www.aocbmma.com.br\/index.php\/2021\/04\/28\/convocacao-de-assembleia-geral\/#primaryimage"},"thumbnailUrl":"https:\/\/www.aocbmma.com.br\/wp-content\/uploads\/2019\/05\/brasao-grande.png","articleSection":["not\u00edcia"],"inLanguage":"pt-BR","potentialAction":[{"@type":"CommentAction","name":"Comment","target":["https:\/\/www.aocbmma.com.br\/index.php\/2021\/04\/28\/convocacao-de-assembleia-geral\/#respond"]}]},{"@type":"WebPage","@id":"https:\/\/www.aocbmma.com.br\/index.php\/2021\/04\/28\/convocacao-de-assembleia-geral\/","url":"https:\/\/www.aocbmma.com.br\/index.php\/2021\/04\/28\/convocacao-de-assembleia-geral\/","name":"CONVOCA\u00c7\u00c3O DE ASSEMBLEIA GERAL | AOCBMMA | Associa\u00e7\u00e3o dos Oficiais do Corpo de Bombeiros Militar do Maranh\u00e3o","isPartOf":{"@id":"https:\/\/www.aocbmma.com.br\/#website"},"primaryImageOfPage":{"@id":"https:\/\/www.aocbmma.com.br\/index.php\/2021\/04\/28\/convocacao-de-assembleia-geral\/#primaryimage"},"image":{"@id":"https:\/\/www.aocbmma.com.br\/index.php\/2021\/04\/28\/convocacao-de-assembleia-geral\/#primaryimage"},"thumbnailUrl":"https:\/\/www.aocbmma.com.br\/wp-content\/uploads\/2019\/05\/brasao-grande.png","datePublished":"2021-04-29T01:32:58+00:00","breadcrumb":{"@id":"https:\/\/www.aocbmma.com.br\/index.php\/2021\/04\/28\/convocacao-de-assembleia-geral\/#breadcrumb"},"inLanguage":"pt-BR","potentialAction":[{"@type":"ReadAction","target":["https:\/\/www.aocbmma.com.br\/index.php\/2021\/04\/28\/convocacao-de-assembleia-geral\/"]}]},{"@type":"ImageObject","inLanguage":"pt-BR","@id":"https:\/\/www.aocbmma.com.br\/index.php\/2021\/04\/28\/convocacao-de-assembleia-geral\/#primaryimage","url":"https:\/\/www.aocbmma.com.br\/wp-content\/uploads\/2019\/05\/brasao-grande.png","contentUrl":"https:\/\/www.aocbmma.com.br\/wp-content\/uploads\/2019\/05\/brasao-grande.png","width":1154,"height":1155},{"@type":"BreadcrumbList","@id":"https:\/\/www.aocbmma.com.br\/index.php\/2021\/04\/28\/convocacao-de-assembleia-geral\/#breadcrumb","itemListElement":[{"@type":"ListItem","position":1,"name":"In\u00edcio","item":"https:\/\/www.aocbmma.com.br\/"},{"@type":"ListItem","position":2,"name":"CONVOCA\u00c7\u00c3O DE ASSEMBLEIA GERAL"}]},{"@type":"WebSite","@id":"https:\/\/www.aocbmma.com.br\/#website","url":"https:\/\/www.aocbmma.com.br\/","name":"AOCBMMA","description":"","publisher":{"@id":"https:\/\/www.aocbmma.com.br\/#organization"},"potentialAction":[{"@type":"SearchAction","target":{"@type":"EntryPoint","urlTemplate":"https:\/\/www.aocbmma.com.br\/?s={search_term_string}"},"query-input":{"@type":"PropertyValueSpecification","valueRequired":true,"valueName":"search_term_string"}}],"inLanguage":"pt-BR"},{"@type":"Organization","@id":"https:\/\/www.aocbmma.com.br\/#organization","name":"Associa\u00e7\u00e3o dos Oficiais do Corpo de Bombeiros Militar do Maranh\u00e3o","url":"https:\/\/www.aocbmma.com.br\/","logo":{"@type":"ImageObject","inLanguage":"pt-BR","@id":"https:\/\/www.aocbmma.com.br\/#\/schema\/logo\/image\/","url":"https:\/\/www.aocbmma.com.br\/wp-content\/uploads\/2019\/05\/brasao-grande.png","contentUrl":"https:\/\/www.aocbmma.com.br\/wp-content\/uploads\/2019\/05\/brasao-grande.png","width":1154,"height":1155,"caption":"Associa\u00e7\u00e3o dos Oficiais do Corpo de Bombeiros Militar do Maranh\u00e3o"},"image":{"@id":"https:\/\/www.aocbmma.com.br\/#\/schema\/logo\/image\/"},"sameAs":["https:\/\/www.facebook.com\/cobm.ma"]},{"@type":"Person","@id":"https:\/\/www.aocbmma.com.br\/#\/schema\/person\/3a5b5960a795551100cb7a13b2af62bc","name":"Ten Cel Amaral","image":{"@type":"ImageObject","inLanguage":"pt-BR","@id":"https:\/\/secure.gravatar.com\/avatar\/f44c085a01cf95e6ba3ee56dec104296bc4b83485275c61cc9e1f2ac08d0e876?s=96&d=mm&r=g","url":"https:\/\/secure.gravatar.com\/avatar\/f44c085a01cf95e6ba3ee56dec104296bc4b83485275c61cc9e1f2ac08d0e876?s=96&d=mm&r=g","contentUrl":"https:\/\/secure.gravatar.com\/avatar\/f44c085a01cf95e6ba3ee56dec104296bc4b83485275c61cc9e1f2ac08d0e876?s=96&d=mm&r=g","caption":"Ten Cel Amaral"},"url":"https:\/\/www.aocbmma.com.br\/index.php\/author\/islandy-amaral\/"}]}},"_links":{"self":[{"href":"https:\/\/www.aocbmma.com.br\/index.php\/wp-json\/wp\/v2\/posts\/559","targetHints":{"allow":["GET"]}}],"collection":[{"href":"https:\/\/www.aocbmma.com.br\/index.php\/wp-json\/wp\/v2\/posts"}],"about":[{"href":"https:\/\/www.aocbmma.com.br\/index.php\/wp-json\/wp\/v2\/types\/post"}],"author":[{"embeddable":true,"href":"https:\/\/www.aocbmma.com.br\/index.php\/wp-json\/wp\/v2\/users\/2"}],"replies":[{"embeddable":true,"href":"https:\/\/www.aocbmma.com.br\/index.php\/wp-json\/wp\/v2\/comments?post=559"}],"version-history":[{"count":2,"href":"https:\/\/www.aocbmma.com.br\/index.php\/wp-json\/wp\/v2\/posts\/559\/revisions"}],"predecessor-version":[{"id":562,"href":"https:\/\/www.aocbmma.com.br\/index.php\/wp-json\/wp\/v2\/posts\/559\/revisions\/562"}],"wp:featuredmedia":[{"embeddable":true,"href":"https:\/\/www.aocbmma.com.br\/index.php\/wp-json\/wp\/v2\/media\/349"}],"wp:attachment":[{"href":"https:\/\/www.aocbmma.com.br\/index.php\/wp-json\/wp\/v2\/media?parent=559"}],"wp:term":[{"taxonomy":"category","embeddable":true,"href":"https:\/\/www.aocbmma.com.br\/index.php\/wp-json\/wp\/v2\/categories?post=559"},{"taxonomy":"post_tag","embeddable":true,"href":"https:\/\/www.aocbmma.com.br\/index.php\/wp-json\/wp\/v2\/tags?post=559"}],"curies":[{"name":"wp","href":"https:\/\/api.w.org\/{rel}","templated":true}]}}