{"id":521,"date":"2020-07-18T07:07:16","date_gmt":"2020-07-18T10:07:16","guid":{"rendered":"http:\/\/www.aocbmma.com.br\/?p=521"},"modified":"2020-07-18T07:07:16","modified_gmt":"2020-07-18T10:07:16","slug":"ocorrencia-em-bacabal-nota-de-repudio-da-associacao-dos-oficiais-e-esclarecimentos","status":"publish","type":"post","link":"https:\/\/www.aocbmma.com.br\/index.php\/2020\/07\/18\/ocorrencia-em-bacabal-nota-de-repudio-da-associacao-dos-oficiais-e-esclarecimentos\/","title":{"rendered":"Ocorr\u00eancia em Bacabal, Nota de Rep\u00fadio da Associa\u00e7\u00e3o dos Oficiais e Esclarecimentos"},"content":{"rendered":"<p>Veja a nota de rep\u00fadio da ASSIOF sobre a ocorr\u00eancia envolvendo policiais militares, IVAN ALVES DE CASTRO e de dois advogados na cidade de Bacabal no dia 11 de julho:<a href=\"http:\/\/www.aocbmma.com.br\/wp-content\/uploads\/2020\/07\/Nota-de-Repu\u0301dio-ASSIOF.pdf\">Nota de Repu\u0301dio-ASSIOF<\/a><\/p>\n<p>\u00c9 sabido que o termo \u201cpreso\u201d contido no art. 20 da Lei de Abuso de Autoridade foi utilizado de forma gen\u00e9rica, para se referir a qualquer situa\u00e7\u00e3o que uma pessoa tenha sua liberdade ambulatorial restringida. Portanto, a partir do momento em que o policial d\u00e1 \u201cvoz de pris\u00e3o\u201d para uma pessoa, esta passa a ter o direito de se comunicar com o advogado e este o direito de se comunicar, pessoal e reservadamente, com o seu cliente (mediante ci\u00eancia e autoriza\u00e7\u00e3o deste j\u00e1 que pode ter um outro defensor constitu\u00eddo nas suas causas).<\/p>\n<p>A regra \u00e9 a possibilidade do advogado, mediante solicita\u00e7\u00e3o, acessar o cliente na rua, devendo o policial fundamentar concretamente a negativa de acesso. De toda sorte, em havendo possibilidade de conversa com o detido em qualquer lugar que seja, esse direito N\u00c3O deve ser mitigado.<\/p>\n<p>Ocorre que pelo transcurso das investiga\u00e7\u00f5es, e pelo que consta em depoimento prestado na delegacia do 1\u00ba DP de Bacabal, o senhor IVAN ALVES DE CASTRO n\u00e3o era cliente e nem havia autorizado servi\u00e7o em seu nome, de forma direta ou indireta dos advogados Sr.\u00aa Jamile Lobo e do Sr. Ricardo Luna Dantas. \u00c9 sabida a proibi\u00e7\u00e3o do advogado de angariar ou captar causas e de advogar contra literal disposi\u00e7\u00e3o de lei.<\/p>\n<p>Na manh\u00e3 da quarta-feira (14 de julho), o deputado estadual Roberto Costa (MDB-MA) subiu \u00e0 tribuna da Assembleia Legislativa do Maranh\u00e3o para expressar o seu rep\u00fadio \u00e0 agress\u00e3o do Major Kraieski contra o casal de advogados na cidade de Bacabal. Um ju\u00edzo de valor antecipado dos fatos que ainda seriam esclarecidos.<\/p>\n<p>O Major QOPM Daniel Kraieski Pires Lages, em face da repercuss\u00e3o, no dia 17 de julho, foi exonerado do Subcomando do Batalh\u00e3o. Alguns se perguntam se foi uma puni\u00e7\u00e3o ou uma forma de afastamento.<\/p>\n<p>Indiscut\u00edvel, por\u00e9m destacar, que as atribui\u00e7\u00f5es para apura\u00e7\u00e3o do crime militar, como o caso \u00e9 supostamente tratado, devam ocorrer exclusivamente por parte da Pol\u00edcia Judici\u00e1ria Militar, vez que h\u00e1 comando constitucional expresso e espec\u00edfico nesse sentido (art. 144, \u00a7 4\u00ba, in fine, CF). N\u00e3o concerne \u00e0 Pol\u00edcia Judici\u00e1ria Comum (federal ou civil) as medidas persecut\u00f3rias penais sobre o crime militar, assim como o contr\u00e1rio tamb\u00e9m \u00e9 verdadeiro, ou seja, n\u00e3o cabe a Pol\u00edcia Judici\u00e1ria Militar a apura\u00e7\u00e3o de crime comum.<\/p>\n<p>A Associa\u00e7\u00e3o dos Oficiais do CBMMA se solidariza com os militares da PMMA envolvidos.<\/p>\n<p>Ten. Cel Amaral<\/p>\n<p>Diretor Presidente da AOCBMMA<\/p>\n","protected":false},"excerpt":{"rendered":"<p>Veja a nota de rep\u00fadio da ASSIOF sobre a ocorr\u00eancia envolvendo policiais militares, IVAN ALVES DE CASTRO e de dois advogados na cidade de Bacabal no dia 11 de julho:Nota de Repu\u0301dio-ASSIOF \u00c9 sabido que o termo \u201cpreso\u201d contido no art. 20 da Lei de Abuso de Autoridade foi utilizado de forma gen\u00e9rica, para se [&hellip;]<\/p>\n","protected":false},"author":2,"featured_media":523,"comment_status":"open","ping_status":"open","sticky":false,"template":"","format":"standard","meta":{"om_disable_all_campaigns":false,"_monsterinsights_skip_tracking":false,"_monsterinsights_sitenote_active":false,"_monsterinsights_sitenote_note":"","_monsterinsights_sitenote_category":0,"footnotes":""},"categories":[2],"tags":[],"class_list":["post-521","post","type-post","status-publish","format-standard","has-post-thumbnail","hentry","category-noticia"],"aioseo_notices":[],"yoast_head":"<!-- This site is optimized with the Yoast SEO plugin v27.4 - https:\/\/yoast.com\/product\/yoast-seo-wordpress\/ -->\n<title>Ocorr\u00eancia em Bacabal, Nota de Rep\u00fadio da Associa\u00e7\u00e3o dos Oficiais e Esclarecimentos | AOCBMMA | Associa\u00e7\u00e3o dos Oficiais do Corpo de Bombeiros Militar do Maranh\u00e3o<\/title>\n<meta name=\"robots\" content=\"index, follow, max-snippet:-1, max-image-preview:large, max-video-preview:-1\" \/>\n<link rel=\"canonical\" href=\"https:\/\/www.aocbmma.com.br\/index.php\/2020\/07\/18\/ocorrencia-em-bacabal-nota-de-repudio-da-associacao-dos-oficiais-e-esclarecimentos\/\" \/>\n<meta property=\"og:locale\" content=\"pt_BR\" \/>\n<meta property=\"og:type\" content=\"article\" \/>\n<meta property=\"og:title\" content=\"Ocorr\u00eancia em Bacabal, Nota de Rep\u00fadio da Associa\u00e7\u00e3o dos Oficiais e Esclarecimentos | AOCBMMA | Associa\u00e7\u00e3o dos Oficiais do Corpo de Bombeiros Militar do Maranh\u00e3o\" \/>\n<meta property=\"og:description\" content=\"Veja a nota de rep\u00fadio da ASSIOF sobre a ocorr\u00eancia envolvendo policiais militares, IVAN ALVES DE CASTRO e de dois advogados na cidade de Bacabal no dia 11 de julho:Nota de Repu\u0301dio-ASSIOF \u00c9 sabido que o termo \u201cpreso\u201d contido no art. 20 da Lei de Abuso de Autoridade foi utilizado de forma gen\u00e9rica, para se [&hellip;]\" \/>\n<meta property=\"og:url\" content=\"https:\/\/www.aocbmma.com.br\/index.php\/2020\/07\/18\/ocorrencia-em-bacabal-nota-de-repudio-da-associacao-dos-oficiais-e-esclarecimentos\/\" \/>\n<meta property=\"og:site_name\" content=\"AOCBMMA | Associa\u00e7\u00e3o dos Oficiais do Corpo de Bombeiros Militar do Maranh\u00e3o\" \/>\n<meta property=\"article:publisher\" content=\"https:\/\/www.facebook.com\/cobm.ma\" \/>\n<meta property=\"article:published_time\" content=\"2020-07-18T10:07:16+00:00\" \/>\n<meta property=\"og:image\" content=\"https:\/\/www.aocbmma.com.br\/wp-content\/uploads\/2020\/07\/ASSIOF.jpg\" \/>\n\t<meta property=\"og:image:width\" content=\"653\" \/>\n\t<meta property=\"og:image:height\" content=\"653\" \/>\n\t<meta property=\"og:image:type\" content=\"image\/jpeg\" \/>\n<meta name=\"author\" content=\"Ten Cel Amaral\" \/>\n<meta name=\"twitter:card\" content=\"summary_large_image\" \/>\n<meta name=\"twitter:label1\" content=\"Escrito por\" \/>\n\t<meta name=\"twitter:data1\" content=\"Ten Cel Amaral\" \/>\n\t<meta name=\"twitter:label2\" content=\"Est. tempo de leitura\" \/>\n\t<meta name=\"twitter:data2\" content=\"2 minutos\" \/>\n<script type=\"application\/ld+json\" class=\"yoast-schema-graph\">{\"@context\":\"https:\\\/\\\/schema.org\",\"@graph\":[{\"@type\":\"Article\",\"@id\":\"https:\\\/\\\/www.aocbmma.com.br\\\/index.php\\\/2020\\\/07\\\/18\\\/ocorrencia-em-bacabal-nota-de-repudio-da-associacao-dos-oficiais-e-esclarecimentos\\\/#article\",\"isPartOf\":{\"@id\":\"https:\\\/\\\/www.aocbmma.com.br\\\/index.php\\\/2020\\\/07\\\/18\\\/ocorrencia-em-bacabal-nota-de-repudio-da-associacao-dos-oficiais-e-esclarecimentos\\\/\"},\"author\":{\"name\":\"Ten Cel Amaral\",\"@id\":\"https:\\\/\\\/www.aocbmma.com.br\\\/#\\\/schema\\\/person\\\/3a5b5960a795551100cb7a13b2af62bc\"},\"headline\":\"Ocorr\u00eancia em Bacabal, Nota de Rep\u00fadio da Associa\u00e7\u00e3o dos Oficiais e Esclarecimentos\",\"datePublished\":\"2020-07-18T10:07:16+00:00\",\"mainEntityOfPage\":{\"@id\":\"https:\\\/\\\/www.aocbmma.com.br\\\/index.php\\\/2020\\\/07\\\/18\\\/ocorrencia-em-bacabal-nota-de-repudio-da-associacao-dos-oficiais-e-esclarecimentos\\\/\"},\"wordCount\":469,\"commentCount\":0,\"publisher\":{\"@id\":\"https:\\\/\\\/www.aocbmma.com.br\\\/#organization\"},\"image\":{\"@id\":\"https:\\\/\\\/www.aocbmma.com.br\\\/index.php\\\/2020\\\/07\\\/18\\\/ocorrencia-em-bacabal-nota-de-repudio-da-associacao-dos-oficiais-e-esclarecimentos\\\/#primaryimage\"},\"thumbnailUrl\":\"https:\\\/\\\/www.aocbmma.com.br\\\/wp-content\\\/uploads\\\/2020\\\/07\\\/ASSIOF.jpg\",\"articleSection\":[\"not\u00edcia\"],\"inLanguage\":\"pt-BR\",\"potentialAction\":[{\"@type\":\"CommentAction\",\"name\":\"Comment\",\"target\":[\"https:\\\/\\\/www.aocbmma.com.br\\\/index.php\\\/2020\\\/07\\\/18\\\/ocorrencia-em-bacabal-nota-de-repudio-da-associacao-dos-oficiais-e-esclarecimentos\\\/#respond\"]}]},{\"@type\":\"WebPage\",\"@id\":\"https:\\\/\\\/www.aocbmma.com.br\\\/index.php\\\/2020\\\/07\\\/18\\\/ocorrencia-em-bacabal-nota-de-repudio-da-associacao-dos-oficiais-e-esclarecimentos\\\/\",\"url\":\"https:\\\/\\\/www.aocbmma.com.br\\\/index.php\\\/2020\\\/07\\\/18\\\/ocorrencia-em-bacabal-nota-de-repudio-da-associacao-dos-oficiais-e-esclarecimentos\\\/\",\"name\":\"Ocorr\u00eancia em Bacabal, Nota de Rep\u00fadio da Associa\u00e7\u00e3o dos Oficiais e Esclarecimentos | AOCBMMA | Associa\u00e7\u00e3o dos Oficiais do Corpo de Bombeiros Militar do Maranh\u00e3o\",\"isPartOf\":{\"@id\":\"https:\\\/\\\/www.aocbmma.com.br\\\/#website\"},\"primaryImageOfPage\":{\"@id\":\"https:\\\/\\\/www.aocbmma.com.br\\\/index.php\\\/2020\\\/07\\\/18\\\/ocorrencia-em-bacabal-nota-de-repudio-da-associacao-dos-oficiais-e-esclarecimentos\\\/#primaryimage\"},\"image\":{\"@id\":\"https:\\\/\\\/www.aocbmma.com.br\\\/index.php\\\/2020\\\/07\\\/18\\\/ocorrencia-em-bacabal-nota-de-repudio-da-associacao-dos-oficiais-e-esclarecimentos\\\/#primaryimage\"},\"thumbnailUrl\":\"https:\\\/\\\/www.aocbmma.com.br\\\/wp-content\\\/uploads\\\/2020\\\/07\\\/ASSIOF.jpg\",\"datePublished\":\"2020-07-18T10:07:16+00:00\",\"breadcrumb\":{\"@id\":\"https:\\\/\\\/www.aocbmma.com.br\\\/index.php\\\/2020\\\/07\\\/18\\\/ocorrencia-em-bacabal-nota-de-repudio-da-associacao-dos-oficiais-e-esclarecimentos\\\/#breadcrumb\"},\"inLanguage\":\"pt-BR\",\"potentialAction\":[{\"@type\":\"ReadAction\",\"target\":[\"https:\\\/\\\/www.aocbmma.com.br\\\/index.php\\\/2020\\\/07\\\/18\\\/ocorrencia-em-bacabal-nota-de-repudio-da-associacao-dos-oficiais-e-esclarecimentos\\\/\"]}]},{\"@type\":\"ImageObject\",\"inLanguage\":\"pt-BR\",\"@id\":\"https:\\\/\\\/www.aocbmma.com.br\\\/index.php\\\/2020\\\/07\\\/18\\\/ocorrencia-em-bacabal-nota-de-repudio-da-associacao-dos-oficiais-e-esclarecimentos\\\/#primaryimage\",\"url\":\"https:\\\/\\\/www.aocbmma.com.br\\\/wp-content\\\/uploads\\\/2020\\\/07\\\/ASSIOF.jpg\",\"contentUrl\":\"https:\\\/\\\/www.aocbmma.com.br\\\/wp-content\\\/uploads\\\/2020\\\/07\\\/ASSIOF.jpg\",\"width\":653,\"height\":653},{\"@type\":\"BreadcrumbList\",\"@id\":\"https:\\\/\\\/www.aocbmma.com.br\\\/index.php\\\/2020\\\/07\\\/18\\\/ocorrencia-em-bacabal-nota-de-repudio-da-associacao-dos-oficiais-e-esclarecimentos\\\/#breadcrumb\",\"itemListElement\":[{\"@type\":\"ListItem\",\"position\":1,\"name\":\"In\u00edcio\",\"item\":\"https:\\\/\\\/www.aocbmma.com.br\\\/\"},{\"@type\":\"ListItem\",\"position\":2,\"name\":\"Ocorr\u00eancia em Bacabal, Nota de Rep\u00fadio da Associa\u00e7\u00e3o dos Oficiais e Esclarecimentos\"}]},{\"@type\":\"WebSite\",\"@id\":\"https:\\\/\\\/www.aocbmma.com.br\\\/#website\",\"url\":\"https:\\\/\\\/www.aocbmma.com.br\\\/\",\"name\":\"AOCBMMA\",\"description\":\"\",\"publisher\":{\"@id\":\"https:\\\/\\\/www.aocbmma.com.br\\\/#organization\"},\"potentialAction\":[{\"@type\":\"SearchAction\",\"target\":{\"@type\":\"EntryPoint\",\"urlTemplate\":\"https:\\\/\\\/www.aocbmma.com.br\\\/?s={search_term_string}\"},\"query-input\":{\"@type\":\"PropertyValueSpecification\",\"valueRequired\":true,\"valueName\":\"search_term_string\"}}],\"inLanguage\":\"pt-BR\"},{\"@type\":\"Organization\",\"@id\":\"https:\\\/\\\/www.aocbmma.com.br\\\/#organization\",\"name\":\"Associa\u00e7\u00e3o dos Oficiais do Corpo de Bombeiros Militar do Maranh\u00e3o\",\"url\":\"https:\\\/\\\/www.aocbmma.com.br\\\/\",\"logo\":{\"@type\":\"ImageObject\",\"inLanguage\":\"pt-BR\",\"@id\":\"https:\\\/\\\/www.aocbmma.com.br\\\/#\\\/schema\\\/logo\\\/image\\\/\",\"url\":\"https:\\\/\\\/www.aocbmma.com.br\\\/wp-content\\\/uploads\\\/2019\\\/05\\\/brasao-grande.png\",\"contentUrl\":\"https:\\\/\\\/www.aocbmma.com.br\\\/wp-content\\\/uploads\\\/2019\\\/05\\\/brasao-grande.png\",\"width\":1154,\"height\":1155,\"caption\":\"Associa\u00e7\u00e3o dos Oficiais do Corpo de Bombeiros Militar do Maranh\u00e3o\"},\"image\":{\"@id\":\"https:\\\/\\\/www.aocbmma.com.br\\\/#\\\/schema\\\/logo\\\/image\\\/\"},\"sameAs\":[\"https:\\\/\\\/www.facebook.com\\\/cobm.ma\"]},{\"@type\":\"Person\",\"@id\":\"https:\\\/\\\/www.aocbmma.com.br\\\/#\\\/schema\\\/person\\\/3a5b5960a795551100cb7a13b2af62bc\",\"name\":\"Ten Cel Amaral\",\"image\":{\"@type\":\"ImageObject\",\"inLanguage\":\"pt-BR\",\"@id\":\"https:\\\/\\\/secure.gravatar.com\\\/avatar\\\/f44c085a01cf95e6ba3ee56dec104296bc4b83485275c61cc9e1f2ac08d0e876?s=96&d=mm&r=g\",\"url\":\"https:\\\/\\\/secure.gravatar.com\\\/avatar\\\/f44c085a01cf95e6ba3ee56dec104296bc4b83485275c61cc9e1f2ac08d0e876?s=96&d=mm&r=g\",\"contentUrl\":\"https:\\\/\\\/secure.gravatar.com\\\/avatar\\\/f44c085a01cf95e6ba3ee56dec104296bc4b83485275c61cc9e1f2ac08d0e876?s=96&d=mm&r=g\",\"caption\":\"Ten Cel Amaral\"},\"url\":\"https:\\\/\\\/www.aocbmma.com.br\\\/index.php\\\/author\\\/islandy-amaral\\\/\"}]}<\/script>\n<!-- \/ Yoast SEO plugin. -->","yoast_head_json":{"title":"Ocorr\u00eancia em Bacabal, Nota de Rep\u00fadio da Associa\u00e7\u00e3o dos Oficiais e Esclarecimentos | AOCBMMA | Associa\u00e7\u00e3o dos Oficiais do Corpo de Bombeiros Militar do Maranh\u00e3o","robots":{"index":"index","follow":"follow","max-snippet":"max-snippet:-1","max-image-preview":"max-image-preview:large","max-video-preview":"max-video-preview:-1"},"canonical":"https:\/\/www.aocbmma.com.br\/index.php\/2020\/07\/18\/ocorrencia-em-bacabal-nota-de-repudio-da-associacao-dos-oficiais-e-esclarecimentos\/","og_locale":"pt_BR","og_type":"article","og_title":"Ocorr\u00eancia em Bacabal, Nota de Rep\u00fadio da Associa\u00e7\u00e3o dos Oficiais e Esclarecimentos | AOCBMMA | Associa\u00e7\u00e3o dos Oficiais do Corpo de Bombeiros Militar do Maranh\u00e3o","og_description":"Veja a nota de rep\u00fadio da ASSIOF sobre a ocorr\u00eancia envolvendo policiais militares, IVAN ALVES DE CASTRO e de dois advogados na cidade de Bacabal no dia 11 de julho:Nota de Repu\u0301dio-ASSIOF \u00c9 sabido que o termo \u201cpreso\u201d contido no art. 20 da Lei de Abuso de Autoridade foi utilizado de forma gen\u00e9rica, para se [&hellip;]","og_url":"https:\/\/www.aocbmma.com.br\/index.php\/2020\/07\/18\/ocorrencia-em-bacabal-nota-de-repudio-da-associacao-dos-oficiais-e-esclarecimentos\/","og_site_name":"AOCBMMA | Associa\u00e7\u00e3o dos Oficiais do Corpo de Bombeiros Militar do Maranh\u00e3o","article_publisher":"https:\/\/www.facebook.com\/cobm.ma","article_published_time":"2020-07-18T10:07:16+00:00","og_image":[{"width":653,"height":653,"url":"https:\/\/www.aocbmma.com.br\/wp-content\/uploads\/2020\/07\/ASSIOF.jpg","type":"image\/jpeg"}],"author":"Ten Cel Amaral","twitter_card":"summary_large_image","twitter_misc":{"Escrito por":"Ten Cel Amaral","Est. tempo de leitura":"2 minutos"},"schema":{"@context":"https:\/\/schema.org","@graph":[{"@type":"Article","@id":"https:\/\/www.aocbmma.com.br\/index.php\/2020\/07\/18\/ocorrencia-em-bacabal-nota-de-repudio-da-associacao-dos-oficiais-e-esclarecimentos\/#article","isPartOf":{"@id":"https:\/\/www.aocbmma.com.br\/index.php\/2020\/07\/18\/ocorrencia-em-bacabal-nota-de-repudio-da-associacao-dos-oficiais-e-esclarecimentos\/"},"author":{"name":"Ten Cel Amaral","@id":"https:\/\/www.aocbmma.com.br\/#\/schema\/person\/3a5b5960a795551100cb7a13b2af62bc"},"headline":"Ocorr\u00eancia em Bacabal, Nota de Rep\u00fadio da Associa\u00e7\u00e3o dos Oficiais e Esclarecimentos","datePublished":"2020-07-18T10:07:16+00:00","mainEntityOfPage":{"@id":"https:\/\/www.aocbmma.com.br\/index.php\/2020\/07\/18\/ocorrencia-em-bacabal-nota-de-repudio-da-associacao-dos-oficiais-e-esclarecimentos\/"},"wordCount":469,"commentCount":0,"publisher":{"@id":"https:\/\/www.aocbmma.com.br\/#organization"},"image":{"@id":"https:\/\/www.aocbmma.com.br\/index.php\/2020\/07\/18\/ocorrencia-em-bacabal-nota-de-repudio-da-associacao-dos-oficiais-e-esclarecimentos\/#primaryimage"},"thumbnailUrl":"https:\/\/www.aocbmma.com.br\/wp-content\/uploads\/2020\/07\/ASSIOF.jpg","articleSection":["not\u00edcia"],"inLanguage":"pt-BR","potentialAction":[{"@type":"CommentAction","name":"Comment","target":["https:\/\/www.aocbmma.com.br\/index.php\/2020\/07\/18\/ocorrencia-em-bacabal-nota-de-repudio-da-associacao-dos-oficiais-e-esclarecimentos\/#respond"]}]},{"@type":"WebPage","@id":"https:\/\/www.aocbmma.com.br\/index.php\/2020\/07\/18\/ocorrencia-em-bacabal-nota-de-repudio-da-associacao-dos-oficiais-e-esclarecimentos\/","url":"https:\/\/www.aocbmma.com.br\/index.php\/2020\/07\/18\/ocorrencia-em-bacabal-nota-de-repudio-da-associacao-dos-oficiais-e-esclarecimentos\/","name":"Ocorr\u00eancia em Bacabal, Nota de Rep\u00fadio da Associa\u00e7\u00e3o dos Oficiais e Esclarecimentos | AOCBMMA | Associa\u00e7\u00e3o dos Oficiais do Corpo de Bombeiros Militar do Maranh\u00e3o","isPartOf":{"@id":"https:\/\/www.aocbmma.com.br\/#website"},"primaryImageOfPage":{"@id":"https:\/\/www.aocbmma.com.br\/index.php\/2020\/07\/18\/ocorrencia-em-bacabal-nota-de-repudio-da-associacao-dos-oficiais-e-esclarecimentos\/#primaryimage"},"image":{"@id":"https:\/\/www.aocbmma.com.br\/index.php\/2020\/07\/18\/ocorrencia-em-bacabal-nota-de-repudio-da-associacao-dos-oficiais-e-esclarecimentos\/#primaryimage"},"thumbnailUrl":"https:\/\/www.aocbmma.com.br\/wp-content\/uploads\/2020\/07\/ASSIOF.jpg","datePublished":"2020-07-18T10:07:16+00:00","breadcrumb":{"@id":"https:\/\/www.aocbmma.com.br\/index.php\/2020\/07\/18\/ocorrencia-em-bacabal-nota-de-repudio-da-associacao-dos-oficiais-e-esclarecimentos\/#breadcrumb"},"inLanguage":"pt-BR","potentialAction":[{"@type":"ReadAction","target":["https:\/\/www.aocbmma.com.br\/index.php\/2020\/07\/18\/ocorrencia-em-bacabal-nota-de-repudio-da-associacao-dos-oficiais-e-esclarecimentos\/"]}]},{"@type":"ImageObject","inLanguage":"pt-BR","@id":"https:\/\/www.aocbmma.com.br\/index.php\/2020\/07\/18\/ocorrencia-em-bacabal-nota-de-repudio-da-associacao-dos-oficiais-e-esclarecimentos\/#primaryimage","url":"https:\/\/www.aocbmma.com.br\/wp-content\/uploads\/2020\/07\/ASSIOF.jpg","contentUrl":"https:\/\/www.aocbmma.com.br\/wp-content\/uploads\/2020\/07\/ASSIOF.jpg","width":653,"height":653},{"@type":"BreadcrumbList","@id":"https:\/\/www.aocbmma.com.br\/index.php\/2020\/07\/18\/ocorrencia-em-bacabal-nota-de-repudio-da-associacao-dos-oficiais-e-esclarecimentos\/#breadcrumb","itemListElement":[{"@type":"ListItem","position":1,"name":"In\u00edcio","item":"https:\/\/www.aocbmma.com.br\/"},{"@type":"ListItem","position":2,"name":"Ocorr\u00eancia em Bacabal, Nota de Rep\u00fadio da Associa\u00e7\u00e3o dos Oficiais e Esclarecimentos"}]},{"@type":"WebSite","@id":"https:\/\/www.aocbmma.com.br\/#website","url":"https:\/\/www.aocbmma.com.br\/","name":"AOCBMMA","description":"","publisher":{"@id":"https:\/\/www.aocbmma.com.br\/#organization"},"potentialAction":[{"@type":"SearchAction","target":{"@type":"EntryPoint","urlTemplate":"https:\/\/www.aocbmma.com.br\/?s={search_term_string}"},"query-input":{"@type":"PropertyValueSpecification","valueRequired":true,"valueName":"search_term_string"}}],"inLanguage":"pt-BR"},{"@type":"Organization","@id":"https:\/\/www.aocbmma.com.br\/#organization","name":"Associa\u00e7\u00e3o dos Oficiais do Corpo de Bombeiros Militar do Maranh\u00e3o","url":"https:\/\/www.aocbmma.com.br\/","logo":{"@type":"ImageObject","inLanguage":"pt-BR","@id":"https:\/\/www.aocbmma.com.br\/#\/schema\/logo\/image\/","url":"https:\/\/www.aocbmma.com.br\/wp-content\/uploads\/2019\/05\/brasao-grande.png","contentUrl":"https:\/\/www.aocbmma.com.br\/wp-content\/uploads\/2019\/05\/brasao-grande.png","width":1154,"height":1155,"caption":"Associa\u00e7\u00e3o dos Oficiais do Corpo de Bombeiros Militar do Maranh\u00e3o"},"image":{"@id":"https:\/\/www.aocbmma.com.br\/#\/schema\/logo\/image\/"},"sameAs":["https:\/\/www.facebook.com\/cobm.ma"]},{"@type":"Person","@id":"https:\/\/www.aocbmma.com.br\/#\/schema\/person\/3a5b5960a795551100cb7a13b2af62bc","name":"Ten Cel Amaral","image":{"@type":"ImageObject","inLanguage":"pt-BR","@id":"https:\/\/secure.gravatar.com\/avatar\/f44c085a01cf95e6ba3ee56dec104296bc4b83485275c61cc9e1f2ac08d0e876?s=96&d=mm&r=g","url":"https:\/\/secure.gravatar.com\/avatar\/f44c085a01cf95e6ba3ee56dec104296bc4b83485275c61cc9e1f2ac08d0e876?s=96&d=mm&r=g","contentUrl":"https:\/\/secure.gravatar.com\/avatar\/f44c085a01cf95e6ba3ee56dec104296bc4b83485275c61cc9e1f2ac08d0e876?s=96&d=mm&r=g","caption":"Ten Cel Amaral"},"url":"https:\/\/www.aocbmma.com.br\/index.php\/author\/islandy-amaral\/"}]}},"_links":{"self":[{"href":"https:\/\/www.aocbmma.com.br\/index.php\/wp-json\/wp\/v2\/posts\/521","targetHints":{"allow":["GET"]}}],"collection":[{"href":"https:\/\/www.aocbmma.com.br\/index.php\/wp-json\/wp\/v2\/posts"}],"about":[{"href":"https:\/\/www.aocbmma.com.br\/index.php\/wp-json\/wp\/v2\/types\/post"}],"author":[{"embeddable":true,"href":"https:\/\/www.aocbmma.com.br\/index.php\/wp-json\/wp\/v2\/users\/2"}],"replies":[{"embeddable":true,"href":"https:\/\/www.aocbmma.com.br\/index.php\/wp-json\/wp\/v2\/comments?post=521"}],"version-history":[{"count":1,"href":"https:\/\/www.aocbmma.com.br\/index.php\/wp-json\/wp\/v2\/posts\/521\/revisions"}],"predecessor-version":[{"id":525,"href":"https:\/\/www.aocbmma.com.br\/index.php\/wp-json\/wp\/v2\/posts\/521\/revisions\/525"}],"wp:featuredmedia":[{"embeddable":true,"href":"https:\/\/www.aocbmma.com.br\/index.php\/wp-json\/wp\/v2\/media\/523"}],"wp:attachment":[{"href":"https:\/\/www.aocbmma.com.br\/index.php\/wp-json\/wp\/v2\/media?parent=521"}],"wp:term":[{"taxonomy":"category","embeddable":true,"href":"https:\/\/www.aocbmma.com.br\/index.php\/wp-json\/wp\/v2\/categories?post=521"},{"taxonomy":"post_tag","embeddable":true,"href":"https:\/\/www.aocbmma.com.br\/index.php\/wp-json\/wp\/v2\/tags?post=521"}],"curies":[{"name":"wp","href":"https:\/\/api.w.org\/{rel}","templated":true}]}}