{"id":512,"date":"2020-07-06T09:35:54","date_gmt":"2020-07-06T12:35:54","guid":{"rendered":"http:\/\/www.aocbmma.com.br\/?p=512"},"modified":"2020-07-06T09:38:44","modified_gmt":"2020-07-06T12:38:44","slug":"regime-proprio-de-previdencia-e-de-assistencia-social-dos-militares-no-maranhao","status":"publish","type":"post","link":"https:\/\/www.aocbmma.com.br\/index.php\/2020\/07\/06\/regime-proprio-de-previdencia-e-de-assistencia-social-dos-militares-no-maranhao\/","title":{"rendered":"Regime pr\u00f3prio de previd\u00eancia e de assist\u00eancia social dos militares no Maranh\u00e3o"},"content":{"rendered":"<p>Conforme disposi\u00e7\u00e3o legal da Lei 13.954\/19 (Sistema de Prote\u00e7\u00e3o Social dos Militares), houve a garantia da INTEGRALIDADE E PARIDADE, permitindo os Estados avan\u00e7arem na garantia de direitos:<\/p>\n<p>\u201cArt. 24-E. O SISTEMA DE PROTE\u00c7\u00c3O SOCIAL DOS MILITARES DOS ESTADOS, DO DISTRITO FEDERAL e dos Territ\u00f3rios ser\u00e1 regulado por lei estadual, que estabelecer\u00e1 seu modelo de gest\u00e3o e poder\u00e1 prever outros direitos, como sa\u00fade e assist\u00eancia, e sua forma de custeio.<\/p>\n<p>Par\u00e1grafo \u00fanico. N\u00c3O SE APLICA AO SISTEMA DE PROTE\u00c7\u00c3O SOCIAL DOS MILITARES DOS ESTADOS, DO DISTRITO FEDERAL E DOS TERRIT\u00d3RIOS A LEGISLA\u00c7\u00c3O DOS REGIMES PR\u00d3PRIOS DE PREVID\u00caNCIA SOCIAL DOS SERVIDORES P\u00daBLICOS CIVIS QUE ESTABELE\u00c7A AS REGRAS DE BENEF\u00cdCIOS E CUSTEIO.\u201d<\/p>\n<p>O par\u00e1grafo \u00fanico do Art 24-E traz uma reda\u00e7\u00e3o extremamente significativa e sens\u00edvel para o resgate da dignidade da fam\u00edlia militar haja vista as peculiaridades da profiss\u00e3o militar, nos termos do disposto da Lei e nas regulamenta\u00e7\u00f5es espec\u00edficas.<\/p>\n<p>Os militares n\u00e3o poder\u00e3o mais integrar os fundos que existem. A partir da cria\u00e7\u00e3o de um sistema de prote\u00e7\u00e3o social dos militares, as contribui\u00e7\u00f5es ir\u00e3o para um novo sistema, e n\u00e3o mais para os fundos existentes do regime pr\u00f3prio dos servidores.<\/p>\n<p>Torna-se imperioso a obriga\u00e7\u00e3o do Poder Executivo de encaminhar \u00e0s Assembleias Legislativas projeto de lei para formula\u00e7\u00e3o de um Regime pr\u00f3prio e exclusivo de previd\u00eancia e de assist\u00eancia social dos militares de forma sim\u00e9trica ao das For\u00e7as Armadas.<\/p>\n<p>No caso do Maranh\u00e3o, sem a participa\u00e7\u00e3o das entidades e dos Comandos das institui\u00e7\u00f5es, dificultando um bom debate em prol do interesse coletivo, foi promulgada a LEI COMPLEMENTAR N\u00ba 224, DE 9 DE MAR\u00c7O DE 2020, dispondo sobre a concess\u00e3o da pens\u00e3o militar, sobre a contribui\u00e7\u00e3o dos militares e pensionistas para custeio da inatividade e da pens\u00e3o militar.<\/p>\n<p>N\u00e3o foi criado nenhum grupo de Trabalho para estudar a legisla\u00e7\u00e3o previdenci\u00e1ria aprovada no plano nacional e de que forma ela seria incorporada \u00e0 legisla\u00e7\u00e3o estadual.<\/p>\n<p>A Lei Complementar assim descreve:<\/p>\n<p>Art. 13. Incide contribui\u00e7\u00e3o sobre a totalidade da remunera\u00e7\u00e3o dos militares, ativos ou inativos, e de seus pensionistas, com al\u00edquota de 9,5% (nove e meio por cento) CUJA RECEITA SER\u00c1 RECOLHIDA AO FUNDO ESTADUAL DE PENS\u00c3O E APOSENTADORIA DO ESTADO DO MARANH\u00c3O &#8211; FEPA para custeio da inatividade e das pens\u00f5es militares.<\/p>\n<p>ART. 15. A RECEITA ARRECADADA COM A CONTRIBUI\u00c7\u00c3O DOS MILITARES ATIVOS, MILITARES INATIVOS E DE SEUS PENSIONISTAS SER\u00c1 RECOLHIDA AO FUNDO ESTADUAL DE PENS\u00c3O E APOSENTADORIA DO ESTADO DO MARANH\u00c3O &#8211; FEPA, EM CONTA DESTINADA EXCLUSIVAMENTE PARA AS RESPECTIVAS DESPESAS.<\/p>\n<p>Desta feita n\u00e3o foi criado assim um Instituto de Prote\u00e7\u00e3o Social dos Militares do Estado do Maranh\u00e3o, ou outro modelo, que teria por finalidade a gest\u00e3o compartilhada do Sistema com a Pol\u00edcia Militar e Corpo de Bombeiros Militar, possuindo autonomia administrativa, financeira e or\u00e7ament\u00e1ria.<\/p>\n<p>Fomos surpreendidos desta forma com a Lei Previdenci\u00e1ria reportando recolhimento de contribui\u00e7\u00e3o apenas para uma conta exclusiva atrelada ao FEPA. N\u00e3o \u00e9 apenas a segrega\u00e7\u00e3o de receita e despesas, mas um mandamento jur\u00eddico de cria\u00e7\u00e3o de um Sistema de Prote\u00e7\u00e3o Social dos Militares. Portanto, h\u00e1 um grav\u00edssimo descumprimento normativo legal com a aus\u00eancia de uma entidade gestora pr\u00f3pria de previd\u00eancia dos Militares do Estado do Maranh\u00e3o.<\/p>\n<p>Noutra perspectiva, o que se tem \u00e9 uma adequa\u00e7\u00e3o na estrutura do IPREV dedicada a manuten\u00e7\u00e3o dos benef\u00edcios de inatividade e pens\u00e3o dos militares administrados por outras pessoas estranhas ao normativo ora visto.<\/p>\n<p>O objetivo de um Sistema Pr\u00f3prio \u00e9 de cunho social e jur\u00eddico. Sistematizar as regras que tratam dos benef\u00edcios jur\u00eddicos dos militares \u00e9 a forma mais adequada de se valorizarem as peculiaridades dessa categoria de agentes do Estado. Na pr\u00e1tica facilitar o acesso e a compreens\u00e3o das normas que disp\u00f5e sobre os militares estaduais, no que tange aos seus benef\u00edcios constitucionais e legais.<\/p>\n<p>O militar n\u00e3o \u00e9 servidor p\u00fablico. \u00c9 militar, pois n\u00e3o \u00e9 regido constitucionalmente pelos dispositivos reservados aos servidores, somente aplicando alguns poucos dispositivos. Militar n\u00e3o se aposenta ele \u00e9 transferido para reserva por tempo de servi\u00e7o ou \u00e9 reformado por idade, por pena administrativa ou judicial e\/ ou por incapacidade f\u00edsica.<\/p>\n<p>Devemos juntos iniciar a\u00e7\u00f5es mais contundentes contra aqueles que est\u00e3o se utilizando de formas equivocadas de interpreta\u00e7\u00e3o da Lei 13.954\/19 contra a PMMA e CBMMA.<\/p>\n<p>Precisamos estar conscientes da necessidade de nos comprometermos e posicionarmos efetivamente, com a devida responsabilidade, vigil\u00e2ncia e defesa dos nossos direitos, que foram conquistados com muita luta e desprendimento em prol da fam\u00edlia policial e bombeiro militar.<\/p>\n<p>Ten. Coronel Amaral<\/p>\n<p>Dir. Presidente da AOCBMMA<\/p>\n","protected":false},"excerpt":{"rendered":"<p>Conforme disposi\u00e7\u00e3o legal da Lei 13.954\/19 (Sistema de Prote\u00e7\u00e3o Social dos Militares), houve a garantia da INTEGRALIDADE E PARIDADE, permitindo os Estados avan\u00e7arem na garantia de direitos: \u201cArt. 24-E. O SISTEMA DE PROTE\u00c7\u00c3O SOCIAL DOS MILITARES DOS ESTADOS, DO DISTRITO FEDERAL e dos Territ\u00f3rios ser\u00e1 regulado por lei estadual, que estabelecer\u00e1 seu modelo de gest\u00e3o [&hellip;]<\/p>\n","protected":false},"author":2,"featured_media":513,"comment_status":"open","ping_status":"open","sticky":false,"template":"","format":"standard","meta":{"om_disable_all_campaigns":false,"_monsterinsights_skip_tracking":false,"_monsterinsights_sitenote_active":false,"_monsterinsights_sitenote_note":"","_monsterinsights_sitenote_category":0,"footnotes":""},"categories":[2],"tags":[],"class_list":["post-512","post","type-post","status-publish","format-standard","has-post-thumbnail","hentry","category-noticia"],"aioseo_notices":[],"yoast_head":"<!-- This site is optimized with the Yoast SEO plugin v27.4 - https:\/\/yoast.com\/product\/yoast-seo-wordpress\/ -->\n<title>Regime pr\u00f3prio de previd\u00eancia e de assist\u00eancia social dos militares no Maranh\u00e3o | AOCBMMA | Associa\u00e7\u00e3o dos Oficiais do Corpo de Bombeiros Militar do Maranh\u00e3o<\/title>\n<meta name=\"robots\" content=\"index, follow, max-snippet:-1, max-image-preview:large, max-video-preview:-1\" \/>\n<link rel=\"canonical\" href=\"https:\/\/www.aocbmma.com.br\/index.php\/2020\/07\/06\/regime-proprio-de-previdencia-e-de-assistencia-social-dos-militares-no-maranhao\/\" \/>\n<meta property=\"og:locale\" content=\"pt_BR\" \/>\n<meta property=\"og:type\" content=\"article\" \/>\n<meta property=\"og:title\" content=\"Regime pr\u00f3prio de previd\u00eancia e de assist\u00eancia social dos militares no Maranh\u00e3o | AOCBMMA | Associa\u00e7\u00e3o dos Oficiais do Corpo de Bombeiros Militar do Maranh\u00e3o\" \/>\n<meta property=\"og:description\" content=\"Conforme disposi\u00e7\u00e3o legal da Lei 13.954\/19 (Sistema de Prote\u00e7\u00e3o Social dos Militares), houve a garantia da INTEGRALIDADE E PARIDADE, permitindo os Estados avan\u00e7arem na garantia de direitos: \u201cArt. 24-E. O SISTEMA DE PROTE\u00c7\u00c3O SOCIAL DOS MILITARES DOS ESTADOS, DO DISTRITO FEDERAL e dos Territ\u00f3rios ser\u00e1 regulado por lei estadual, que estabelecer\u00e1 seu modelo de gest\u00e3o [&hellip;]\" \/>\n<meta property=\"og:url\" content=\"https:\/\/www.aocbmma.com.br\/index.php\/2020\/07\/06\/regime-proprio-de-previdencia-e-de-assistencia-social-dos-militares-no-maranhao\/\" \/>\n<meta property=\"og:site_name\" content=\"AOCBMMA | Associa\u00e7\u00e3o dos Oficiais do Corpo de Bombeiros Militar do Maranh\u00e3o\" \/>\n<meta property=\"article:publisher\" content=\"https:\/\/www.facebook.com\/cobm.ma\" \/>\n<meta property=\"article:published_time\" content=\"2020-07-06T12:35:54+00:00\" \/>\n<meta property=\"article:modified_time\" content=\"2020-07-06T12:38:44+00:00\" \/>\n<meta property=\"og:image\" content=\"https:\/\/www.aocbmma.com.br\/wp-content\/uploads\/2020\/07\/imagem2.jpg\" \/>\n\t<meta property=\"og:image:width\" content=\"798\" \/>\n\t<meta property=\"og:image:height\" content=\"464\" \/>\n\t<meta property=\"og:image:type\" content=\"image\/jpeg\" \/>\n<meta name=\"author\" content=\"Ten Cel Amaral\" \/>\n<meta name=\"twitter:card\" content=\"summary_large_image\" \/>\n<meta name=\"twitter:label1\" content=\"Escrito por\" \/>\n\t<meta name=\"twitter:data1\" content=\"Ten Cel Amaral\" \/>\n\t<meta name=\"twitter:label2\" content=\"Est. tempo de leitura\" \/>\n\t<meta name=\"twitter:data2\" content=\"4 minutos\" \/>\n<script type=\"application\/ld+json\" class=\"yoast-schema-graph\">{\"@context\":\"https:\\\/\\\/schema.org\",\"@graph\":[{\"@type\":\"Article\",\"@id\":\"https:\\\/\\\/www.aocbmma.com.br\\\/index.php\\\/2020\\\/07\\\/06\\\/regime-proprio-de-previdencia-e-de-assistencia-social-dos-militares-no-maranhao\\\/#article\",\"isPartOf\":{\"@id\":\"https:\\\/\\\/www.aocbmma.com.br\\\/index.php\\\/2020\\\/07\\\/06\\\/regime-proprio-de-previdencia-e-de-assistencia-social-dos-militares-no-maranhao\\\/\"},\"author\":{\"name\":\"Ten Cel Amaral\",\"@id\":\"https:\\\/\\\/www.aocbmma.com.br\\\/#\\\/schema\\\/person\\\/3a5b5960a795551100cb7a13b2af62bc\"},\"headline\":\"Regime pr\u00f3prio de previd\u00eancia e de assist\u00eancia social dos militares no Maranh\u00e3o\",\"datePublished\":\"2020-07-06T12:35:54+00:00\",\"dateModified\":\"2020-07-06T12:38:44+00:00\",\"mainEntityOfPage\":{\"@id\":\"https:\\\/\\\/www.aocbmma.com.br\\\/index.php\\\/2020\\\/07\\\/06\\\/regime-proprio-de-previdencia-e-de-assistencia-social-dos-militares-no-maranhao\\\/\"},\"wordCount\":834,\"commentCount\":0,\"publisher\":{\"@id\":\"https:\\\/\\\/www.aocbmma.com.br\\\/#organization\"},\"image\":{\"@id\":\"https:\\\/\\\/www.aocbmma.com.br\\\/index.php\\\/2020\\\/07\\\/06\\\/regime-proprio-de-previdencia-e-de-assistencia-social-dos-militares-no-maranhao\\\/#primaryimage\"},\"thumbnailUrl\":\"https:\\\/\\\/www.aocbmma.com.br\\\/wp-content\\\/uploads\\\/2020\\\/07\\\/imagem2.jpg\",\"articleSection\":[\"not\u00edcia\"],\"inLanguage\":\"pt-BR\",\"potentialAction\":[{\"@type\":\"CommentAction\",\"name\":\"Comment\",\"target\":[\"https:\\\/\\\/www.aocbmma.com.br\\\/index.php\\\/2020\\\/07\\\/06\\\/regime-proprio-de-previdencia-e-de-assistencia-social-dos-militares-no-maranhao\\\/#respond\"]}]},{\"@type\":\"WebPage\",\"@id\":\"https:\\\/\\\/www.aocbmma.com.br\\\/index.php\\\/2020\\\/07\\\/06\\\/regime-proprio-de-previdencia-e-de-assistencia-social-dos-militares-no-maranhao\\\/\",\"url\":\"https:\\\/\\\/www.aocbmma.com.br\\\/index.php\\\/2020\\\/07\\\/06\\\/regime-proprio-de-previdencia-e-de-assistencia-social-dos-militares-no-maranhao\\\/\",\"name\":\"Regime pr\u00f3prio de previd\u00eancia e de assist\u00eancia social dos militares no Maranh\u00e3o | AOCBMMA | Associa\u00e7\u00e3o dos Oficiais do Corpo de Bombeiros Militar do Maranh\u00e3o\",\"isPartOf\":{\"@id\":\"https:\\\/\\\/www.aocbmma.com.br\\\/#website\"},\"primaryImageOfPage\":{\"@id\":\"https:\\\/\\\/www.aocbmma.com.br\\\/index.php\\\/2020\\\/07\\\/06\\\/regime-proprio-de-previdencia-e-de-assistencia-social-dos-militares-no-maranhao\\\/#primaryimage\"},\"image\":{\"@id\":\"https:\\\/\\\/www.aocbmma.com.br\\\/index.php\\\/2020\\\/07\\\/06\\\/regime-proprio-de-previdencia-e-de-assistencia-social-dos-militares-no-maranhao\\\/#primaryimage\"},\"thumbnailUrl\":\"https:\\\/\\\/www.aocbmma.com.br\\\/wp-content\\\/uploads\\\/2020\\\/07\\\/imagem2.jpg\",\"datePublished\":\"2020-07-06T12:35:54+00:00\",\"dateModified\":\"2020-07-06T12:38:44+00:00\",\"breadcrumb\":{\"@id\":\"https:\\\/\\\/www.aocbmma.com.br\\\/index.php\\\/2020\\\/07\\\/06\\\/regime-proprio-de-previdencia-e-de-assistencia-social-dos-militares-no-maranhao\\\/#breadcrumb\"},\"inLanguage\":\"pt-BR\",\"potentialAction\":[{\"@type\":\"ReadAction\",\"target\":[\"https:\\\/\\\/www.aocbmma.com.br\\\/index.php\\\/2020\\\/07\\\/06\\\/regime-proprio-de-previdencia-e-de-assistencia-social-dos-militares-no-maranhao\\\/\"]}]},{\"@type\":\"ImageObject\",\"inLanguage\":\"pt-BR\",\"@id\":\"https:\\\/\\\/www.aocbmma.com.br\\\/index.php\\\/2020\\\/07\\\/06\\\/regime-proprio-de-previdencia-e-de-assistencia-social-dos-militares-no-maranhao\\\/#primaryimage\",\"url\":\"https:\\\/\\\/www.aocbmma.com.br\\\/wp-content\\\/uploads\\\/2020\\\/07\\\/imagem2.jpg\",\"contentUrl\":\"https:\\\/\\\/www.aocbmma.com.br\\\/wp-content\\\/uploads\\\/2020\\\/07\\\/imagem2.jpg\",\"width\":798,\"height\":464},{\"@type\":\"BreadcrumbList\",\"@id\":\"https:\\\/\\\/www.aocbmma.com.br\\\/index.php\\\/2020\\\/07\\\/06\\\/regime-proprio-de-previdencia-e-de-assistencia-social-dos-militares-no-maranhao\\\/#breadcrumb\",\"itemListElement\":[{\"@type\":\"ListItem\",\"position\":1,\"name\":\"In\u00edcio\",\"item\":\"https:\\\/\\\/www.aocbmma.com.br\\\/\"},{\"@type\":\"ListItem\",\"position\":2,\"name\":\"Regime pr\u00f3prio de previd\u00eancia e de assist\u00eancia social dos militares no Maranh\u00e3o\"}]},{\"@type\":\"WebSite\",\"@id\":\"https:\\\/\\\/www.aocbmma.com.br\\\/#website\",\"url\":\"https:\\\/\\\/www.aocbmma.com.br\\\/\",\"name\":\"AOCBMMA\",\"description\":\"\",\"publisher\":{\"@id\":\"https:\\\/\\\/www.aocbmma.com.br\\\/#organization\"},\"potentialAction\":[{\"@type\":\"SearchAction\",\"target\":{\"@type\":\"EntryPoint\",\"urlTemplate\":\"https:\\\/\\\/www.aocbmma.com.br\\\/?s={search_term_string}\"},\"query-input\":{\"@type\":\"PropertyValueSpecification\",\"valueRequired\":true,\"valueName\":\"search_term_string\"}}],\"inLanguage\":\"pt-BR\"},{\"@type\":\"Organization\",\"@id\":\"https:\\\/\\\/www.aocbmma.com.br\\\/#organization\",\"name\":\"Associa\u00e7\u00e3o dos Oficiais do Corpo de Bombeiros Militar do Maranh\u00e3o\",\"url\":\"https:\\\/\\\/www.aocbmma.com.br\\\/\",\"logo\":{\"@type\":\"ImageObject\",\"inLanguage\":\"pt-BR\",\"@id\":\"https:\\\/\\\/www.aocbmma.com.br\\\/#\\\/schema\\\/logo\\\/image\\\/\",\"url\":\"https:\\\/\\\/www.aocbmma.com.br\\\/wp-content\\\/uploads\\\/2019\\\/05\\\/brasao-grande.png\",\"contentUrl\":\"https:\\\/\\\/www.aocbmma.com.br\\\/wp-content\\\/uploads\\\/2019\\\/05\\\/brasao-grande.png\",\"width\":1154,\"height\":1155,\"caption\":\"Associa\u00e7\u00e3o dos Oficiais do Corpo de Bombeiros Militar do Maranh\u00e3o\"},\"image\":{\"@id\":\"https:\\\/\\\/www.aocbmma.com.br\\\/#\\\/schema\\\/logo\\\/image\\\/\"},\"sameAs\":[\"https:\\\/\\\/www.facebook.com\\\/cobm.ma\"]},{\"@type\":\"Person\",\"@id\":\"https:\\\/\\\/www.aocbmma.com.br\\\/#\\\/schema\\\/person\\\/3a5b5960a795551100cb7a13b2af62bc\",\"name\":\"Ten Cel Amaral\",\"image\":{\"@type\":\"ImageObject\",\"inLanguage\":\"pt-BR\",\"@id\":\"https:\\\/\\\/secure.gravatar.com\\\/avatar\\\/f44c085a01cf95e6ba3ee56dec104296bc4b83485275c61cc9e1f2ac08d0e876?s=96&d=mm&r=g\",\"url\":\"https:\\\/\\\/secure.gravatar.com\\\/avatar\\\/f44c085a01cf95e6ba3ee56dec104296bc4b83485275c61cc9e1f2ac08d0e876?s=96&d=mm&r=g\",\"contentUrl\":\"https:\\\/\\\/secure.gravatar.com\\\/avatar\\\/f44c085a01cf95e6ba3ee56dec104296bc4b83485275c61cc9e1f2ac08d0e876?s=96&d=mm&r=g\",\"caption\":\"Ten Cel Amaral\"},\"url\":\"https:\\\/\\\/www.aocbmma.com.br\\\/index.php\\\/author\\\/islandy-amaral\\\/\"}]}<\/script>\n<!-- \/ Yoast SEO plugin. -->","yoast_head_json":{"title":"Regime pr\u00f3prio de previd\u00eancia e de assist\u00eancia social dos militares no Maranh\u00e3o | AOCBMMA | Associa\u00e7\u00e3o dos Oficiais do Corpo de Bombeiros Militar do Maranh\u00e3o","robots":{"index":"index","follow":"follow","max-snippet":"max-snippet:-1","max-image-preview":"max-image-preview:large","max-video-preview":"max-video-preview:-1"},"canonical":"https:\/\/www.aocbmma.com.br\/index.php\/2020\/07\/06\/regime-proprio-de-previdencia-e-de-assistencia-social-dos-militares-no-maranhao\/","og_locale":"pt_BR","og_type":"article","og_title":"Regime pr\u00f3prio de previd\u00eancia e de assist\u00eancia social dos militares no Maranh\u00e3o | AOCBMMA | Associa\u00e7\u00e3o dos Oficiais do Corpo de Bombeiros Militar do Maranh\u00e3o","og_description":"Conforme disposi\u00e7\u00e3o legal da Lei 13.954\/19 (Sistema de Prote\u00e7\u00e3o Social dos Militares), houve a garantia da INTEGRALIDADE E PARIDADE, permitindo os Estados avan\u00e7arem na garantia de direitos: \u201cArt. 24-E. O SISTEMA DE PROTE\u00c7\u00c3O SOCIAL DOS MILITARES DOS ESTADOS, DO DISTRITO FEDERAL e dos Territ\u00f3rios ser\u00e1 regulado por lei estadual, que estabelecer\u00e1 seu modelo de gest\u00e3o [&hellip;]","og_url":"https:\/\/www.aocbmma.com.br\/index.php\/2020\/07\/06\/regime-proprio-de-previdencia-e-de-assistencia-social-dos-militares-no-maranhao\/","og_site_name":"AOCBMMA | Associa\u00e7\u00e3o dos Oficiais do Corpo de Bombeiros Militar do Maranh\u00e3o","article_publisher":"https:\/\/www.facebook.com\/cobm.ma","article_published_time":"2020-07-06T12:35:54+00:00","article_modified_time":"2020-07-06T12:38:44+00:00","og_image":[{"width":798,"height":464,"url":"https:\/\/www.aocbmma.com.br\/wp-content\/uploads\/2020\/07\/imagem2.jpg","type":"image\/jpeg"}],"author":"Ten Cel Amaral","twitter_card":"summary_large_image","twitter_misc":{"Escrito por":"Ten Cel Amaral","Est. tempo de leitura":"4 minutos"},"schema":{"@context":"https:\/\/schema.org","@graph":[{"@type":"Article","@id":"https:\/\/www.aocbmma.com.br\/index.php\/2020\/07\/06\/regime-proprio-de-previdencia-e-de-assistencia-social-dos-militares-no-maranhao\/#article","isPartOf":{"@id":"https:\/\/www.aocbmma.com.br\/index.php\/2020\/07\/06\/regime-proprio-de-previdencia-e-de-assistencia-social-dos-militares-no-maranhao\/"},"author":{"name":"Ten Cel Amaral","@id":"https:\/\/www.aocbmma.com.br\/#\/schema\/person\/3a5b5960a795551100cb7a13b2af62bc"},"headline":"Regime pr\u00f3prio de previd\u00eancia e de assist\u00eancia social dos militares no Maranh\u00e3o","datePublished":"2020-07-06T12:35:54+00:00","dateModified":"2020-07-06T12:38:44+00:00","mainEntityOfPage":{"@id":"https:\/\/www.aocbmma.com.br\/index.php\/2020\/07\/06\/regime-proprio-de-previdencia-e-de-assistencia-social-dos-militares-no-maranhao\/"},"wordCount":834,"commentCount":0,"publisher":{"@id":"https:\/\/www.aocbmma.com.br\/#organization"},"image":{"@id":"https:\/\/www.aocbmma.com.br\/index.php\/2020\/07\/06\/regime-proprio-de-previdencia-e-de-assistencia-social-dos-militares-no-maranhao\/#primaryimage"},"thumbnailUrl":"https:\/\/www.aocbmma.com.br\/wp-content\/uploads\/2020\/07\/imagem2.jpg","articleSection":["not\u00edcia"],"inLanguage":"pt-BR","potentialAction":[{"@type":"CommentAction","name":"Comment","target":["https:\/\/www.aocbmma.com.br\/index.php\/2020\/07\/06\/regime-proprio-de-previdencia-e-de-assistencia-social-dos-militares-no-maranhao\/#respond"]}]},{"@type":"WebPage","@id":"https:\/\/www.aocbmma.com.br\/index.php\/2020\/07\/06\/regime-proprio-de-previdencia-e-de-assistencia-social-dos-militares-no-maranhao\/","url":"https:\/\/www.aocbmma.com.br\/index.php\/2020\/07\/06\/regime-proprio-de-previdencia-e-de-assistencia-social-dos-militares-no-maranhao\/","name":"Regime pr\u00f3prio de previd\u00eancia e de assist\u00eancia social dos militares no Maranh\u00e3o | AOCBMMA | Associa\u00e7\u00e3o dos Oficiais do Corpo de Bombeiros Militar do Maranh\u00e3o","isPartOf":{"@id":"https:\/\/www.aocbmma.com.br\/#website"},"primaryImageOfPage":{"@id":"https:\/\/www.aocbmma.com.br\/index.php\/2020\/07\/06\/regime-proprio-de-previdencia-e-de-assistencia-social-dos-militares-no-maranhao\/#primaryimage"},"image":{"@id":"https:\/\/www.aocbmma.com.br\/index.php\/2020\/07\/06\/regime-proprio-de-previdencia-e-de-assistencia-social-dos-militares-no-maranhao\/#primaryimage"},"thumbnailUrl":"https:\/\/www.aocbmma.com.br\/wp-content\/uploads\/2020\/07\/imagem2.jpg","datePublished":"2020-07-06T12:35:54+00:00","dateModified":"2020-07-06T12:38:44+00:00","breadcrumb":{"@id":"https:\/\/www.aocbmma.com.br\/index.php\/2020\/07\/06\/regime-proprio-de-previdencia-e-de-assistencia-social-dos-militares-no-maranhao\/#breadcrumb"},"inLanguage":"pt-BR","potentialAction":[{"@type":"ReadAction","target":["https:\/\/www.aocbmma.com.br\/index.php\/2020\/07\/06\/regime-proprio-de-previdencia-e-de-assistencia-social-dos-militares-no-maranhao\/"]}]},{"@type":"ImageObject","inLanguage":"pt-BR","@id":"https:\/\/www.aocbmma.com.br\/index.php\/2020\/07\/06\/regime-proprio-de-previdencia-e-de-assistencia-social-dos-militares-no-maranhao\/#primaryimage","url":"https:\/\/www.aocbmma.com.br\/wp-content\/uploads\/2020\/07\/imagem2.jpg","contentUrl":"https:\/\/www.aocbmma.com.br\/wp-content\/uploads\/2020\/07\/imagem2.jpg","width":798,"height":464},{"@type":"BreadcrumbList","@id":"https:\/\/www.aocbmma.com.br\/index.php\/2020\/07\/06\/regime-proprio-de-previdencia-e-de-assistencia-social-dos-militares-no-maranhao\/#breadcrumb","itemListElement":[{"@type":"ListItem","position":1,"name":"In\u00edcio","item":"https:\/\/www.aocbmma.com.br\/"},{"@type":"ListItem","position":2,"name":"Regime pr\u00f3prio de previd\u00eancia e de assist\u00eancia social dos militares no Maranh\u00e3o"}]},{"@type":"WebSite","@id":"https:\/\/www.aocbmma.com.br\/#website","url":"https:\/\/www.aocbmma.com.br\/","name":"AOCBMMA","description":"","publisher":{"@id":"https:\/\/www.aocbmma.com.br\/#organization"},"potentialAction":[{"@type":"SearchAction","target":{"@type":"EntryPoint","urlTemplate":"https:\/\/www.aocbmma.com.br\/?s={search_term_string}"},"query-input":{"@type":"PropertyValueSpecification","valueRequired":true,"valueName":"search_term_string"}}],"inLanguage":"pt-BR"},{"@type":"Organization","@id":"https:\/\/www.aocbmma.com.br\/#organization","name":"Associa\u00e7\u00e3o dos Oficiais do Corpo de Bombeiros Militar do Maranh\u00e3o","url":"https:\/\/www.aocbmma.com.br\/","logo":{"@type":"ImageObject","inLanguage":"pt-BR","@id":"https:\/\/www.aocbmma.com.br\/#\/schema\/logo\/image\/","url":"https:\/\/www.aocbmma.com.br\/wp-content\/uploads\/2019\/05\/brasao-grande.png","contentUrl":"https:\/\/www.aocbmma.com.br\/wp-content\/uploads\/2019\/05\/brasao-grande.png","width":1154,"height":1155,"caption":"Associa\u00e7\u00e3o dos Oficiais do Corpo de Bombeiros Militar do Maranh\u00e3o"},"image":{"@id":"https:\/\/www.aocbmma.com.br\/#\/schema\/logo\/image\/"},"sameAs":["https:\/\/www.facebook.com\/cobm.ma"]},{"@type":"Person","@id":"https:\/\/www.aocbmma.com.br\/#\/schema\/person\/3a5b5960a795551100cb7a13b2af62bc","name":"Ten Cel Amaral","image":{"@type":"ImageObject","inLanguage":"pt-BR","@id":"https:\/\/secure.gravatar.com\/avatar\/f44c085a01cf95e6ba3ee56dec104296bc4b83485275c61cc9e1f2ac08d0e876?s=96&d=mm&r=g","url":"https:\/\/secure.gravatar.com\/avatar\/f44c085a01cf95e6ba3ee56dec104296bc4b83485275c61cc9e1f2ac08d0e876?s=96&d=mm&r=g","contentUrl":"https:\/\/secure.gravatar.com\/avatar\/f44c085a01cf95e6ba3ee56dec104296bc4b83485275c61cc9e1f2ac08d0e876?s=96&d=mm&r=g","caption":"Ten Cel Amaral"},"url":"https:\/\/www.aocbmma.com.br\/index.php\/author\/islandy-amaral\/"}]}},"_links":{"self":[{"href":"https:\/\/www.aocbmma.com.br\/index.php\/wp-json\/wp\/v2\/posts\/512","targetHints":{"allow":["GET"]}}],"collection":[{"href":"https:\/\/www.aocbmma.com.br\/index.php\/wp-json\/wp\/v2\/posts"}],"about":[{"href":"https:\/\/www.aocbmma.com.br\/index.php\/wp-json\/wp\/v2\/types\/post"}],"author":[{"embeddable":true,"href":"https:\/\/www.aocbmma.com.br\/index.php\/wp-json\/wp\/v2\/users\/2"}],"replies":[{"embeddable":true,"href":"https:\/\/www.aocbmma.com.br\/index.php\/wp-json\/wp\/v2\/comments?post=512"}],"version-history":[{"count":4,"href":"https:\/\/www.aocbmma.com.br\/index.php\/wp-json\/wp\/v2\/posts\/512\/revisions"}],"predecessor-version":[{"id":517,"href":"https:\/\/www.aocbmma.com.br\/index.php\/wp-json\/wp\/v2\/posts\/512\/revisions\/517"}],"wp:featuredmedia":[{"embeddable":true,"href":"https:\/\/www.aocbmma.com.br\/index.php\/wp-json\/wp\/v2\/media\/513"}],"wp:attachment":[{"href":"https:\/\/www.aocbmma.com.br\/index.php\/wp-json\/wp\/v2\/media?parent=512"}],"wp:term":[{"taxonomy":"category","embeddable":true,"href":"https:\/\/www.aocbmma.com.br\/index.php\/wp-json\/wp\/v2\/categories?post=512"},{"taxonomy":"post_tag","embeddable":true,"href":"https:\/\/www.aocbmma.com.br\/index.php\/wp-json\/wp\/v2\/tags?post=512"}],"curies":[{"name":"wp","href":"https:\/\/api.w.org\/{rel}","templated":true}]}}