{"id":497,"date":"2020-05-09T11:06:29","date_gmt":"2020-05-09T14:06:29","guid":{"rendered":"http:\/\/www.aocbmma.com.br\/?p=497"},"modified":"2020-05-09T11:14:59","modified_gmt":"2020-05-09T14:14:59","slug":"adicional-de-insalubridade-para-os-militares-estaduais-do-maranhao-solicitacao-para-envio-de-pedido-ao-governador-do-estado","status":"publish","type":"post","link":"https:\/\/www.aocbmma.com.br\/index.php\/2020\/05\/09\/adicional-de-insalubridade-para-os-militares-estaduais-do-maranhao-solicitacao-para-envio-de-pedido-ao-governador-do-estado\/","title":{"rendered":"ADICIONAL DE INSALUBRIDADE PARA OS MILITARES  ESTADUAIS NO MARANH\u00c3O. SOLICITA\u00c7\u00c3O PARA ENVIO DE PEDIDO AO GOVERNADOR DO ESTADO."},"content":{"rendered":"<p>Em virtude da declara\u00e7\u00e3o de situa\u00e7\u00e3o de calamidade p\u00fablica no Estado do Maranh\u00e3o em decorr\u00eancia da Infec\u00e7\u00e3o Humana pelo coronav\u00edrus- COVID-19, das medidas de preven\u00e7\u00e3o do cont\u00e1gio e de combate \u00e0 propaga\u00e7\u00e3o e os procedimentos e regras para fins de preven\u00e7\u00e3o de transmiss\u00e3o, <em><strong>policiais e bombeiros militares<\/strong><\/em>, n\u00e3o tendo a op\u00e7\u00e3o de isolamento social total, <em><strong>est\u00e3o atuando ainda mais em suas atividades para que n\u00e3o haja colapso do sistema p\u00fablico como um todo.\u00a0<\/strong><\/em> O trabalho not\u00f3rio pode ser visto na redes sociais.<\/p>\n<p>A Associa\u00e7\u00e3o dos Oficiais do Corpo de Bombeiros Militares do Maranh\u00e3o, atrav\u00e9s do seu diretor presidente o Tenente Coronel Amaral, enviou oficio no dia 27 de mar\u00e7o ao Presidente da Comiss\u00e3o de Seguran\u00e7a da Assembleia Legislativa do Maranh\u00e3o, Deputado Rafael Leitoa, e no dia 07 de maio ao Comandante Geral do Corpo de Bombeiro Militar do Maranh\u00e3o, Cel. C\u00e9lio Roberto Pinto de Ara\u00fajo, solicitando <em><strong>encaminhamento de<\/strong><\/em> <em><strong>pedido de INSALUBRIDADE ao sr. Governador do Estado do Maranh\u00e3o para beneficiar a classe militar.<\/strong><\/em><\/p>\n<p>A solicita\u00e7\u00e3o \u00e9 vista como justa mesmo que em car\u00e1ter tempor\u00e1rio. In\u00fameros s\u00e3o os militares contaminados e percebe-se o clamor pela garantia de tal direito. Outras categorias j\u00e1 o possu\u00edam ou conquistaram tal direito j\u00e1 em \u00e9poca de pandemia.<\/p>\n<p>A Associa\u00e7\u00e3o dos Oficiais do Corpo de Bombeiros Militares do Maranh\u00e3o j\u00e1 manteve contato atrav\u00e9s de m\u00eddia social com os deputados Rildo Amaral, Dr Ygl\u00e9sio, Adriano, Duarte Jr. e Wellington do Curso solicitando apoio e manifesta\u00e7\u00e3o.\u00a0 O deputado Wedell Lages no dia 07 de abril fez uma indica\u00e7\u00e3o para encaminhamento de oficios pela ALEMA ao Comandante Geral do Corpo de Bombeiro Militar do Maranh\u00e3o, Secret\u00e1rio de Seguran\u00e7a P\u00fablica e ao Governador justificando e pedindo a insalubridade para os militares.\u00a0 A assessoria deputado Wedell Lages n\u00e3o retornou informa\u00e7\u00e3o se tais oficios foram enviados.<\/p>\n<p>Os deputados titulares da comiss\u00e3o de seguran\u00e7a da Assembleia Legislativa do Maranh\u00e3o s\u00e3o Rafael Leitoa, Mical Damasceno, Dr Ygl\u00e9sio, Duarte J\u00fanior, Leonardo S\u00e1, Ciro Neto e Adriano.<\/p>\n<p>Aguardamos com paci\u00eancia.<\/p>\n<p>&nbsp;<\/p>\n<p>&nbsp;<\/p>\n","protected":false},"excerpt":{"rendered":"<p>Em virtude da declara\u00e7\u00e3o de situa\u00e7\u00e3o de calamidade p\u00fablica no Estado do Maranh\u00e3o em decorr\u00eancia da Infec\u00e7\u00e3o Humana pelo coronav\u00edrus- COVID-19, das medidas de preven\u00e7\u00e3o do cont\u00e1gio e de combate \u00e0 propaga\u00e7\u00e3o e os procedimentos e regras para fins de preven\u00e7\u00e3o de transmiss\u00e3o, policiais e bombeiros militares, n\u00e3o tendo a op\u00e7\u00e3o de isolamento social total, [&hellip;]<\/p>\n","protected":false},"author":2,"featured_media":502,"comment_status":"open","ping_status":"open","sticky":false,"template":"","format":"standard","meta":{"om_disable_all_campaigns":false,"_monsterinsights_skip_tracking":false,"_monsterinsights_sitenote_active":false,"_monsterinsights_sitenote_note":"","_monsterinsights_sitenote_category":0,"footnotes":""},"categories":[2],"tags":[],"class_list":["post-497","post","type-post","status-publish","format-standard","has-post-thumbnail","hentry","category-noticia"],"aioseo_notices":[],"yoast_head":"<!-- This site is optimized with the Yoast SEO plugin v27.4 - https:\/\/yoast.com\/product\/yoast-seo-wordpress\/ -->\n<title>ADICIONAL DE INSALUBRIDADE PARA OS MILITARES ESTADUAIS NO MARANH\u00c3O. SOLICITA\u00c7\u00c3O PARA ENVIO DE PEDIDO AO GOVERNADOR DO ESTADO. | AOCBMMA | Associa\u00e7\u00e3o dos Oficiais do Corpo de Bombeiros Militar do Maranh\u00e3o<\/title>\n<meta name=\"robots\" content=\"index, follow, max-snippet:-1, max-image-preview:large, max-video-preview:-1\" \/>\n<link rel=\"canonical\" href=\"https:\/\/www.aocbmma.com.br\/index.php\/2020\/05\/09\/adicional-de-insalubridade-para-os-militares-estaduais-do-maranhao-solicitacao-para-envio-de-pedido-ao-governador-do-estado\/\" \/>\n<meta property=\"og:locale\" content=\"pt_BR\" \/>\n<meta property=\"og:type\" content=\"article\" \/>\n<meta property=\"og:title\" content=\"ADICIONAL DE INSALUBRIDADE PARA OS MILITARES ESTADUAIS NO MARANH\u00c3O. SOLICITA\u00c7\u00c3O PARA ENVIO DE PEDIDO AO GOVERNADOR DO ESTADO. | AOCBMMA | Associa\u00e7\u00e3o dos Oficiais do Corpo de Bombeiros Militar do Maranh\u00e3o\" \/>\n<meta property=\"og:description\" content=\"Em virtude da declara\u00e7\u00e3o de situa\u00e7\u00e3o de calamidade p\u00fablica no Estado do Maranh\u00e3o em decorr\u00eancia da Infec\u00e7\u00e3o Humana pelo coronav\u00edrus- COVID-19, das medidas de preven\u00e7\u00e3o do cont\u00e1gio e de combate \u00e0 propaga\u00e7\u00e3o e os procedimentos e regras para fins de preven\u00e7\u00e3o de transmiss\u00e3o, policiais e bombeiros militares, n\u00e3o tendo a op\u00e7\u00e3o de isolamento social total, [&hellip;]\" \/>\n<meta property=\"og:url\" content=\"https:\/\/www.aocbmma.com.br\/index.php\/2020\/05\/09\/adicional-de-insalubridade-para-os-militares-estaduais-do-maranhao-solicitacao-para-envio-de-pedido-ao-governador-do-estado\/\" \/>\n<meta property=\"og:site_name\" content=\"AOCBMMA | Associa\u00e7\u00e3o dos Oficiais do Corpo de Bombeiros Militar do Maranh\u00e3o\" \/>\n<meta property=\"article:publisher\" content=\"https:\/\/www.facebook.com\/cobm.ma\" \/>\n<meta property=\"article:published_time\" content=\"2020-05-09T14:06:29+00:00\" \/>\n<meta property=\"article:modified_time\" content=\"2020-05-09T14:14:59+00:00\" \/>\n<meta property=\"og:image\" content=\"https:\/\/www.aocbmma.com.br\/wp-content\/uploads\/2020\/05\/adicional-de-insalubridade.jpg\" \/>\n\t<meta property=\"og:image:width\" content=\"620\" \/>\n\t<meta property=\"og:image:height\" content=\"425\" \/>\n\t<meta property=\"og:image:type\" content=\"image\/jpeg\" \/>\n<meta name=\"author\" content=\"Ten Cel Amaral\" \/>\n<meta name=\"twitter:card\" content=\"summary_large_image\" \/>\n<meta name=\"twitter:label1\" content=\"Escrito por\" \/>\n\t<meta name=\"twitter:data1\" content=\"Ten Cel Amaral\" \/>\n\t<meta name=\"twitter:label2\" content=\"Est. tempo de leitura\" \/>\n\t<meta name=\"twitter:data2\" content=\"2 minutos\" \/>\n<script type=\"application\/ld+json\" class=\"yoast-schema-graph\">{\"@context\":\"https:\\\/\\\/schema.org\",\"@graph\":[{\"@type\":\"Article\",\"@id\":\"https:\\\/\\\/www.aocbmma.com.br\\\/index.php\\\/2020\\\/05\\\/09\\\/adicional-de-insalubridade-para-os-militares-estaduais-do-maranhao-solicitacao-para-envio-de-pedido-ao-governador-do-estado\\\/#article\",\"isPartOf\":{\"@id\":\"https:\\\/\\\/www.aocbmma.com.br\\\/index.php\\\/2020\\\/05\\\/09\\\/adicional-de-insalubridade-para-os-militares-estaduais-do-maranhao-solicitacao-para-envio-de-pedido-ao-governador-do-estado\\\/\"},\"author\":{\"name\":\"Ten Cel Amaral\",\"@id\":\"https:\\\/\\\/www.aocbmma.com.br\\\/#\\\/schema\\\/person\\\/3a5b5960a795551100cb7a13b2af62bc\"},\"headline\":\"ADICIONAL DE INSALUBRIDADE PARA OS MILITARES ESTADUAIS NO MARANH\u00c3O. SOLICITA\u00c7\u00c3O PARA ENVIO DE PEDIDO AO GOVERNADOR DO ESTADO.\",\"datePublished\":\"2020-05-09T14:06:29+00:00\",\"dateModified\":\"2020-05-09T14:14:59+00:00\",\"mainEntityOfPage\":{\"@id\":\"https:\\\/\\\/www.aocbmma.com.br\\\/index.php\\\/2020\\\/05\\\/09\\\/adicional-de-insalubridade-para-os-militares-estaduais-do-maranhao-solicitacao-para-envio-de-pedido-ao-governador-do-estado\\\/\"},\"wordCount\":396,\"commentCount\":0,\"publisher\":{\"@id\":\"https:\\\/\\\/www.aocbmma.com.br\\\/#organization\"},\"image\":{\"@id\":\"https:\\\/\\\/www.aocbmma.com.br\\\/index.php\\\/2020\\\/05\\\/09\\\/adicional-de-insalubridade-para-os-militares-estaduais-do-maranhao-solicitacao-para-envio-de-pedido-ao-governador-do-estado\\\/#primaryimage\"},\"thumbnailUrl\":\"https:\\\/\\\/www.aocbmma.com.br\\\/wp-content\\\/uploads\\\/2020\\\/05\\\/adicional-de-insalubridade.jpg\",\"articleSection\":[\"not\u00edcia\"],\"inLanguage\":\"pt-BR\",\"potentialAction\":[{\"@type\":\"CommentAction\",\"name\":\"Comment\",\"target\":[\"https:\\\/\\\/www.aocbmma.com.br\\\/index.php\\\/2020\\\/05\\\/09\\\/adicional-de-insalubridade-para-os-militares-estaduais-do-maranhao-solicitacao-para-envio-de-pedido-ao-governador-do-estado\\\/#respond\"]}]},{\"@type\":\"WebPage\",\"@id\":\"https:\\\/\\\/www.aocbmma.com.br\\\/index.php\\\/2020\\\/05\\\/09\\\/adicional-de-insalubridade-para-os-militares-estaduais-do-maranhao-solicitacao-para-envio-de-pedido-ao-governador-do-estado\\\/\",\"url\":\"https:\\\/\\\/www.aocbmma.com.br\\\/index.php\\\/2020\\\/05\\\/09\\\/adicional-de-insalubridade-para-os-militares-estaduais-do-maranhao-solicitacao-para-envio-de-pedido-ao-governador-do-estado\\\/\",\"name\":\"ADICIONAL DE INSALUBRIDADE PARA OS MILITARES ESTADUAIS NO MARANH\u00c3O. SOLICITA\u00c7\u00c3O PARA ENVIO DE PEDIDO AO GOVERNADOR DO ESTADO. | AOCBMMA | Associa\u00e7\u00e3o dos Oficiais do Corpo de Bombeiros Militar do Maranh\u00e3o\",\"isPartOf\":{\"@id\":\"https:\\\/\\\/www.aocbmma.com.br\\\/#website\"},\"primaryImageOfPage\":{\"@id\":\"https:\\\/\\\/www.aocbmma.com.br\\\/index.php\\\/2020\\\/05\\\/09\\\/adicional-de-insalubridade-para-os-militares-estaduais-do-maranhao-solicitacao-para-envio-de-pedido-ao-governador-do-estado\\\/#primaryimage\"},\"image\":{\"@id\":\"https:\\\/\\\/www.aocbmma.com.br\\\/index.php\\\/2020\\\/05\\\/09\\\/adicional-de-insalubridade-para-os-militares-estaduais-do-maranhao-solicitacao-para-envio-de-pedido-ao-governador-do-estado\\\/#primaryimage\"},\"thumbnailUrl\":\"https:\\\/\\\/www.aocbmma.com.br\\\/wp-content\\\/uploads\\\/2020\\\/05\\\/adicional-de-insalubridade.jpg\",\"datePublished\":\"2020-05-09T14:06:29+00:00\",\"dateModified\":\"2020-05-09T14:14:59+00:00\",\"breadcrumb\":{\"@id\":\"https:\\\/\\\/www.aocbmma.com.br\\\/index.php\\\/2020\\\/05\\\/09\\\/adicional-de-insalubridade-para-os-militares-estaduais-do-maranhao-solicitacao-para-envio-de-pedido-ao-governador-do-estado\\\/#breadcrumb\"},\"inLanguage\":\"pt-BR\",\"potentialAction\":[{\"@type\":\"ReadAction\",\"target\":[\"https:\\\/\\\/www.aocbmma.com.br\\\/index.php\\\/2020\\\/05\\\/09\\\/adicional-de-insalubridade-para-os-militares-estaduais-do-maranhao-solicitacao-para-envio-de-pedido-ao-governador-do-estado\\\/\"]}]},{\"@type\":\"ImageObject\",\"inLanguage\":\"pt-BR\",\"@id\":\"https:\\\/\\\/www.aocbmma.com.br\\\/index.php\\\/2020\\\/05\\\/09\\\/adicional-de-insalubridade-para-os-militares-estaduais-do-maranhao-solicitacao-para-envio-de-pedido-ao-governador-do-estado\\\/#primaryimage\",\"url\":\"https:\\\/\\\/www.aocbmma.com.br\\\/wp-content\\\/uploads\\\/2020\\\/05\\\/adicional-de-insalubridade.jpg\",\"contentUrl\":\"https:\\\/\\\/www.aocbmma.com.br\\\/wp-content\\\/uploads\\\/2020\\\/05\\\/adicional-de-insalubridade.jpg\",\"width\":620,\"height\":425},{\"@type\":\"BreadcrumbList\",\"@id\":\"https:\\\/\\\/www.aocbmma.com.br\\\/index.php\\\/2020\\\/05\\\/09\\\/adicional-de-insalubridade-para-os-militares-estaduais-do-maranhao-solicitacao-para-envio-de-pedido-ao-governador-do-estado\\\/#breadcrumb\",\"itemListElement\":[{\"@type\":\"ListItem\",\"position\":1,\"name\":\"In\u00edcio\",\"item\":\"https:\\\/\\\/www.aocbmma.com.br\\\/\"},{\"@type\":\"ListItem\",\"position\":2,\"name\":\"ADICIONAL DE INSALUBRIDADE PARA OS MILITARES ESTADUAIS NO MARANH\u00c3O. SOLICITA\u00c7\u00c3O PARA ENVIO DE PEDIDO AO GOVERNADOR DO ESTADO.\"}]},{\"@type\":\"WebSite\",\"@id\":\"https:\\\/\\\/www.aocbmma.com.br\\\/#website\",\"url\":\"https:\\\/\\\/www.aocbmma.com.br\\\/\",\"name\":\"AOCBMMA\",\"description\":\"\",\"publisher\":{\"@id\":\"https:\\\/\\\/www.aocbmma.com.br\\\/#organization\"},\"potentialAction\":[{\"@type\":\"SearchAction\",\"target\":{\"@type\":\"EntryPoint\",\"urlTemplate\":\"https:\\\/\\\/www.aocbmma.com.br\\\/?s={search_term_string}\"},\"query-input\":{\"@type\":\"PropertyValueSpecification\",\"valueRequired\":true,\"valueName\":\"search_term_string\"}}],\"inLanguage\":\"pt-BR\"},{\"@type\":\"Organization\",\"@id\":\"https:\\\/\\\/www.aocbmma.com.br\\\/#organization\",\"name\":\"Associa\u00e7\u00e3o dos Oficiais do Corpo de Bombeiros Militar do Maranh\u00e3o\",\"url\":\"https:\\\/\\\/www.aocbmma.com.br\\\/\",\"logo\":{\"@type\":\"ImageObject\",\"inLanguage\":\"pt-BR\",\"@id\":\"https:\\\/\\\/www.aocbmma.com.br\\\/#\\\/schema\\\/logo\\\/image\\\/\",\"url\":\"https:\\\/\\\/www.aocbmma.com.br\\\/wp-content\\\/uploads\\\/2019\\\/05\\\/brasao-grande.png\",\"contentUrl\":\"https:\\\/\\\/www.aocbmma.com.br\\\/wp-content\\\/uploads\\\/2019\\\/05\\\/brasao-grande.png\",\"width\":1154,\"height\":1155,\"caption\":\"Associa\u00e7\u00e3o dos Oficiais do Corpo de Bombeiros Militar do Maranh\u00e3o\"},\"image\":{\"@id\":\"https:\\\/\\\/www.aocbmma.com.br\\\/#\\\/schema\\\/logo\\\/image\\\/\"},\"sameAs\":[\"https:\\\/\\\/www.facebook.com\\\/cobm.ma\"]},{\"@type\":\"Person\",\"@id\":\"https:\\\/\\\/www.aocbmma.com.br\\\/#\\\/schema\\\/person\\\/3a5b5960a795551100cb7a13b2af62bc\",\"name\":\"Ten Cel Amaral\",\"image\":{\"@type\":\"ImageObject\",\"inLanguage\":\"pt-BR\",\"@id\":\"https:\\\/\\\/secure.gravatar.com\\\/avatar\\\/f44c085a01cf95e6ba3ee56dec104296bc4b83485275c61cc9e1f2ac08d0e876?s=96&d=mm&r=g\",\"url\":\"https:\\\/\\\/secure.gravatar.com\\\/avatar\\\/f44c085a01cf95e6ba3ee56dec104296bc4b83485275c61cc9e1f2ac08d0e876?s=96&d=mm&r=g\",\"contentUrl\":\"https:\\\/\\\/secure.gravatar.com\\\/avatar\\\/f44c085a01cf95e6ba3ee56dec104296bc4b83485275c61cc9e1f2ac08d0e876?s=96&d=mm&r=g\",\"caption\":\"Ten Cel Amaral\"},\"url\":\"https:\\\/\\\/www.aocbmma.com.br\\\/index.php\\\/author\\\/islandy-amaral\\\/\"}]}<\/script>\n<!-- \/ Yoast SEO plugin. -->","yoast_head_json":{"title":"ADICIONAL DE INSALUBRIDADE PARA OS MILITARES ESTADUAIS NO MARANH\u00c3O. SOLICITA\u00c7\u00c3O PARA ENVIO DE PEDIDO AO GOVERNADOR DO ESTADO. | AOCBMMA | Associa\u00e7\u00e3o dos Oficiais do Corpo de Bombeiros Militar do Maranh\u00e3o","robots":{"index":"index","follow":"follow","max-snippet":"max-snippet:-1","max-image-preview":"max-image-preview:large","max-video-preview":"max-video-preview:-1"},"canonical":"https:\/\/www.aocbmma.com.br\/index.php\/2020\/05\/09\/adicional-de-insalubridade-para-os-militares-estaduais-do-maranhao-solicitacao-para-envio-de-pedido-ao-governador-do-estado\/","og_locale":"pt_BR","og_type":"article","og_title":"ADICIONAL DE INSALUBRIDADE PARA OS MILITARES ESTADUAIS NO MARANH\u00c3O. SOLICITA\u00c7\u00c3O PARA ENVIO DE PEDIDO AO GOVERNADOR DO ESTADO. | AOCBMMA | Associa\u00e7\u00e3o dos Oficiais do Corpo de Bombeiros Militar do Maranh\u00e3o","og_description":"Em virtude da declara\u00e7\u00e3o de situa\u00e7\u00e3o de calamidade p\u00fablica no Estado do Maranh\u00e3o em decorr\u00eancia da Infec\u00e7\u00e3o Humana pelo coronav\u00edrus- COVID-19, das medidas de preven\u00e7\u00e3o do cont\u00e1gio e de combate \u00e0 propaga\u00e7\u00e3o e os procedimentos e regras para fins de preven\u00e7\u00e3o de transmiss\u00e3o, policiais e bombeiros militares, n\u00e3o tendo a op\u00e7\u00e3o de isolamento social total, [&hellip;]","og_url":"https:\/\/www.aocbmma.com.br\/index.php\/2020\/05\/09\/adicional-de-insalubridade-para-os-militares-estaduais-do-maranhao-solicitacao-para-envio-de-pedido-ao-governador-do-estado\/","og_site_name":"AOCBMMA | Associa\u00e7\u00e3o dos Oficiais do Corpo de Bombeiros Militar do Maranh\u00e3o","article_publisher":"https:\/\/www.facebook.com\/cobm.ma","article_published_time":"2020-05-09T14:06:29+00:00","article_modified_time":"2020-05-09T14:14:59+00:00","og_image":[{"width":620,"height":425,"url":"https:\/\/www.aocbmma.com.br\/wp-content\/uploads\/2020\/05\/adicional-de-insalubridade.jpg","type":"image\/jpeg"}],"author":"Ten Cel Amaral","twitter_card":"summary_large_image","twitter_misc":{"Escrito por":"Ten Cel Amaral","Est. tempo de leitura":"2 minutos"},"schema":{"@context":"https:\/\/schema.org","@graph":[{"@type":"Article","@id":"https:\/\/www.aocbmma.com.br\/index.php\/2020\/05\/09\/adicional-de-insalubridade-para-os-militares-estaduais-do-maranhao-solicitacao-para-envio-de-pedido-ao-governador-do-estado\/#article","isPartOf":{"@id":"https:\/\/www.aocbmma.com.br\/index.php\/2020\/05\/09\/adicional-de-insalubridade-para-os-militares-estaduais-do-maranhao-solicitacao-para-envio-de-pedido-ao-governador-do-estado\/"},"author":{"name":"Ten Cel Amaral","@id":"https:\/\/www.aocbmma.com.br\/#\/schema\/person\/3a5b5960a795551100cb7a13b2af62bc"},"headline":"ADICIONAL DE INSALUBRIDADE PARA OS MILITARES ESTADUAIS NO MARANH\u00c3O. SOLICITA\u00c7\u00c3O PARA ENVIO DE PEDIDO AO GOVERNADOR DO ESTADO.","datePublished":"2020-05-09T14:06:29+00:00","dateModified":"2020-05-09T14:14:59+00:00","mainEntityOfPage":{"@id":"https:\/\/www.aocbmma.com.br\/index.php\/2020\/05\/09\/adicional-de-insalubridade-para-os-militares-estaduais-do-maranhao-solicitacao-para-envio-de-pedido-ao-governador-do-estado\/"},"wordCount":396,"commentCount":0,"publisher":{"@id":"https:\/\/www.aocbmma.com.br\/#organization"},"image":{"@id":"https:\/\/www.aocbmma.com.br\/index.php\/2020\/05\/09\/adicional-de-insalubridade-para-os-militares-estaduais-do-maranhao-solicitacao-para-envio-de-pedido-ao-governador-do-estado\/#primaryimage"},"thumbnailUrl":"https:\/\/www.aocbmma.com.br\/wp-content\/uploads\/2020\/05\/adicional-de-insalubridade.jpg","articleSection":["not\u00edcia"],"inLanguage":"pt-BR","potentialAction":[{"@type":"CommentAction","name":"Comment","target":["https:\/\/www.aocbmma.com.br\/index.php\/2020\/05\/09\/adicional-de-insalubridade-para-os-militares-estaduais-do-maranhao-solicitacao-para-envio-de-pedido-ao-governador-do-estado\/#respond"]}]},{"@type":"WebPage","@id":"https:\/\/www.aocbmma.com.br\/index.php\/2020\/05\/09\/adicional-de-insalubridade-para-os-militares-estaduais-do-maranhao-solicitacao-para-envio-de-pedido-ao-governador-do-estado\/","url":"https:\/\/www.aocbmma.com.br\/index.php\/2020\/05\/09\/adicional-de-insalubridade-para-os-militares-estaduais-do-maranhao-solicitacao-para-envio-de-pedido-ao-governador-do-estado\/","name":"ADICIONAL DE INSALUBRIDADE PARA OS MILITARES ESTADUAIS NO MARANH\u00c3O. SOLICITA\u00c7\u00c3O PARA ENVIO DE PEDIDO AO GOVERNADOR DO ESTADO. | AOCBMMA | Associa\u00e7\u00e3o dos Oficiais do Corpo de Bombeiros Militar do Maranh\u00e3o","isPartOf":{"@id":"https:\/\/www.aocbmma.com.br\/#website"},"primaryImageOfPage":{"@id":"https:\/\/www.aocbmma.com.br\/index.php\/2020\/05\/09\/adicional-de-insalubridade-para-os-militares-estaduais-do-maranhao-solicitacao-para-envio-de-pedido-ao-governador-do-estado\/#primaryimage"},"image":{"@id":"https:\/\/www.aocbmma.com.br\/index.php\/2020\/05\/09\/adicional-de-insalubridade-para-os-militares-estaduais-do-maranhao-solicitacao-para-envio-de-pedido-ao-governador-do-estado\/#primaryimage"},"thumbnailUrl":"https:\/\/www.aocbmma.com.br\/wp-content\/uploads\/2020\/05\/adicional-de-insalubridade.jpg","datePublished":"2020-05-09T14:06:29+00:00","dateModified":"2020-05-09T14:14:59+00:00","breadcrumb":{"@id":"https:\/\/www.aocbmma.com.br\/index.php\/2020\/05\/09\/adicional-de-insalubridade-para-os-militares-estaduais-do-maranhao-solicitacao-para-envio-de-pedido-ao-governador-do-estado\/#breadcrumb"},"inLanguage":"pt-BR","potentialAction":[{"@type":"ReadAction","target":["https:\/\/www.aocbmma.com.br\/index.php\/2020\/05\/09\/adicional-de-insalubridade-para-os-militares-estaduais-do-maranhao-solicitacao-para-envio-de-pedido-ao-governador-do-estado\/"]}]},{"@type":"ImageObject","inLanguage":"pt-BR","@id":"https:\/\/www.aocbmma.com.br\/index.php\/2020\/05\/09\/adicional-de-insalubridade-para-os-militares-estaduais-do-maranhao-solicitacao-para-envio-de-pedido-ao-governador-do-estado\/#primaryimage","url":"https:\/\/www.aocbmma.com.br\/wp-content\/uploads\/2020\/05\/adicional-de-insalubridade.jpg","contentUrl":"https:\/\/www.aocbmma.com.br\/wp-content\/uploads\/2020\/05\/adicional-de-insalubridade.jpg","width":620,"height":425},{"@type":"BreadcrumbList","@id":"https:\/\/www.aocbmma.com.br\/index.php\/2020\/05\/09\/adicional-de-insalubridade-para-os-militares-estaduais-do-maranhao-solicitacao-para-envio-de-pedido-ao-governador-do-estado\/#breadcrumb","itemListElement":[{"@type":"ListItem","position":1,"name":"In\u00edcio","item":"https:\/\/www.aocbmma.com.br\/"},{"@type":"ListItem","position":2,"name":"ADICIONAL DE INSALUBRIDADE PARA OS MILITARES ESTADUAIS NO MARANH\u00c3O. SOLICITA\u00c7\u00c3O PARA ENVIO DE PEDIDO AO GOVERNADOR DO ESTADO."}]},{"@type":"WebSite","@id":"https:\/\/www.aocbmma.com.br\/#website","url":"https:\/\/www.aocbmma.com.br\/","name":"AOCBMMA","description":"","publisher":{"@id":"https:\/\/www.aocbmma.com.br\/#organization"},"potentialAction":[{"@type":"SearchAction","target":{"@type":"EntryPoint","urlTemplate":"https:\/\/www.aocbmma.com.br\/?s={search_term_string}"},"query-input":{"@type":"PropertyValueSpecification","valueRequired":true,"valueName":"search_term_string"}}],"inLanguage":"pt-BR"},{"@type":"Organization","@id":"https:\/\/www.aocbmma.com.br\/#organization","name":"Associa\u00e7\u00e3o dos Oficiais do Corpo de Bombeiros Militar do Maranh\u00e3o","url":"https:\/\/www.aocbmma.com.br\/","logo":{"@type":"ImageObject","inLanguage":"pt-BR","@id":"https:\/\/www.aocbmma.com.br\/#\/schema\/logo\/image\/","url":"https:\/\/www.aocbmma.com.br\/wp-content\/uploads\/2019\/05\/brasao-grande.png","contentUrl":"https:\/\/www.aocbmma.com.br\/wp-content\/uploads\/2019\/05\/brasao-grande.png","width":1154,"height":1155,"caption":"Associa\u00e7\u00e3o dos Oficiais do Corpo de Bombeiros Militar do Maranh\u00e3o"},"image":{"@id":"https:\/\/www.aocbmma.com.br\/#\/schema\/logo\/image\/"},"sameAs":["https:\/\/www.facebook.com\/cobm.ma"]},{"@type":"Person","@id":"https:\/\/www.aocbmma.com.br\/#\/schema\/person\/3a5b5960a795551100cb7a13b2af62bc","name":"Ten Cel Amaral","image":{"@type":"ImageObject","inLanguage":"pt-BR","@id":"https:\/\/secure.gravatar.com\/avatar\/f44c085a01cf95e6ba3ee56dec104296bc4b83485275c61cc9e1f2ac08d0e876?s=96&d=mm&r=g","url":"https:\/\/secure.gravatar.com\/avatar\/f44c085a01cf95e6ba3ee56dec104296bc4b83485275c61cc9e1f2ac08d0e876?s=96&d=mm&r=g","contentUrl":"https:\/\/secure.gravatar.com\/avatar\/f44c085a01cf95e6ba3ee56dec104296bc4b83485275c61cc9e1f2ac08d0e876?s=96&d=mm&r=g","caption":"Ten Cel Amaral"},"url":"https:\/\/www.aocbmma.com.br\/index.php\/author\/islandy-amaral\/"}]}},"_links":{"self":[{"href":"https:\/\/www.aocbmma.com.br\/index.php\/wp-json\/wp\/v2\/posts\/497","targetHints":{"allow":["GET"]}}],"collection":[{"href":"https:\/\/www.aocbmma.com.br\/index.php\/wp-json\/wp\/v2\/posts"}],"about":[{"href":"https:\/\/www.aocbmma.com.br\/index.php\/wp-json\/wp\/v2\/types\/post"}],"author":[{"embeddable":true,"href":"https:\/\/www.aocbmma.com.br\/index.php\/wp-json\/wp\/v2\/users\/2"}],"replies":[{"embeddable":true,"href":"https:\/\/www.aocbmma.com.br\/index.php\/wp-json\/wp\/v2\/comments?post=497"}],"version-history":[{"count":4,"href":"https:\/\/www.aocbmma.com.br\/index.php\/wp-json\/wp\/v2\/posts\/497\/revisions"}],"predecessor-version":[{"id":505,"href":"https:\/\/www.aocbmma.com.br\/index.php\/wp-json\/wp\/v2\/posts\/497\/revisions\/505"}],"wp:featuredmedia":[{"embeddable":true,"href":"https:\/\/www.aocbmma.com.br\/index.php\/wp-json\/wp\/v2\/media\/502"}],"wp:attachment":[{"href":"https:\/\/www.aocbmma.com.br\/index.php\/wp-json\/wp\/v2\/media?parent=497"}],"wp:term":[{"taxonomy":"category","embeddable":true,"href":"https:\/\/www.aocbmma.com.br\/index.php\/wp-json\/wp\/v2\/categories?post=497"},{"taxonomy":"post_tag","embeddable":true,"href":"https:\/\/www.aocbmma.com.br\/index.php\/wp-json\/wp\/v2\/tags?post=497"}],"curies":[{"name":"wp","href":"https:\/\/api.w.org\/{rel}","templated":true}]}}