{"id":450,"date":"2019-08-29T13:05:13","date_gmt":"2019-08-29T16:05:13","guid":{"rendered":"http:\/\/www.aocbmma.com.br\/?p=450"},"modified":"2019-08-29T13:05:13","modified_gmt":"2019-08-29T16:05:13","slug":"lider-do-governo-promete-apresentar-indicacao-ao-governador-sobre-indenizacao-de-fardamento","status":"publish","type":"post","link":"https:\/\/www.aocbmma.com.br\/index.php\/2019\/08\/29\/lider-do-governo-promete-apresentar-indicacao-ao-governador-sobre-indenizacao-de-fardamento\/","title":{"rendered":"L\u00cdDER DO GOVERNO PROMETE APRESENTAR INDICA\u00c7\u00c3O AO GOVERNADOR SOBRE INDENIZA\u00c7\u00c3O DE FARDAMENTO"},"content":{"rendered":"<p>O presidente da AOCBMMA, esteve reunido no dia 28 de agosto na Assembleia Legislativa com o Deputado Estadual Rafael Leitoa. No encontro o Tenente Coronel Amaral comentou sobre a promessa de apresenta\u00e7\u00e3o da indica\u00e7\u00e3o legislativa para recebimento de verba indenizat\u00f3ria anual e com valor especifico atualizado para os militares estaduais. O assunto j\u00e1 havia sido tratado no primeiro semestre com outros dois parlamentares da base governista. Por \u00faltimo foi feito um oficio circular para todos os demais deputados estaduais dando conhecimento da garantia deste direito. A demanda \u00e9 objeto de a\u00e7\u00e3o judicial. O Deputado Estadual Rafael Leitoa determinou de imediato para a sua assessoria elabora\u00e7\u00e3o de indica\u00e7\u00e3o para envio ao governador com a devida justificativa.<\/p>\n","protected":false},"excerpt":{"rendered":"<p>O presidente da AOCBMMA, esteve reunido no dia 28 de agosto na Assembleia Legislativa com o Deputado Estadual Rafael Leitoa. No encontro o Tenente Coronel Amaral comentou sobre a promessa de apresenta\u00e7\u00e3o da indica\u00e7\u00e3o legislativa para recebimento de verba indenizat\u00f3ria anual e com valor especifico atualizado para os militares estaduais. O assunto j\u00e1 havia sido [&hellip;]<\/p>\n","protected":false},"author":2,"featured_media":451,"comment_status":"open","ping_status":"open","sticky":false,"template":"","format":"standard","meta":{"om_disable_all_campaigns":false,"_monsterinsights_skip_tracking":false,"_monsterinsights_sitenote_active":false,"_monsterinsights_sitenote_note":"","_monsterinsights_sitenote_category":0,"footnotes":""},"categories":[2],"tags":[],"class_list":["post-450","post","type-post","status-publish","format-standard","has-post-thumbnail","hentry","category-noticia"],"aioseo_notices":[],"yoast_head":"<!-- This site is optimized with the Yoast SEO plugin v27.4 - https:\/\/yoast.com\/product\/yoast-seo-wordpress\/ -->\n<title>L\u00cdDER DO GOVERNO PROMETE APRESENTAR INDICA\u00c7\u00c3O AO GOVERNADOR SOBRE INDENIZA\u00c7\u00c3O DE FARDAMENTO | AOCBMMA | Associa\u00e7\u00e3o dos Oficiais do Corpo de Bombeiros Militar do Maranh\u00e3o<\/title>\n<meta name=\"robots\" content=\"index, follow, max-snippet:-1, max-image-preview:large, max-video-preview:-1\" \/>\n<link rel=\"canonical\" href=\"https:\/\/www.aocbmma.com.br\/index.php\/2019\/08\/29\/lider-do-governo-promete-apresentar-indicacao-ao-governador-sobre-indenizacao-de-fardamento\/\" \/>\n<meta property=\"og:locale\" content=\"pt_BR\" \/>\n<meta property=\"og:type\" content=\"article\" \/>\n<meta property=\"og:title\" content=\"L\u00cdDER DO GOVERNO PROMETE APRESENTAR INDICA\u00c7\u00c3O AO GOVERNADOR SOBRE INDENIZA\u00c7\u00c3O DE FARDAMENTO | AOCBMMA | Associa\u00e7\u00e3o dos Oficiais do Corpo de Bombeiros Militar do Maranh\u00e3o\" \/>\n<meta property=\"og:description\" content=\"O presidente da AOCBMMA, esteve reunido no dia 28 de agosto na Assembleia Legislativa com o Deputado Estadual Rafael Leitoa. No encontro o Tenente Coronel Amaral comentou sobre a promessa de apresenta\u00e7\u00e3o da indica\u00e7\u00e3o legislativa para recebimento de verba indenizat\u00f3ria anual e com valor especifico atualizado para os militares estaduais. O assunto j\u00e1 havia sido [&hellip;]\" \/>\n<meta property=\"og:url\" content=\"https:\/\/www.aocbmma.com.br\/index.php\/2019\/08\/29\/lider-do-governo-promete-apresentar-indicacao-ao-governador-sobre-indenizacao-de-fardamento\/\" \/>\n<meta property=\"og:site_name\" content=\"AOCBMMA | Associa\u00e7\u00e3o dos Oficiais do Corpo de Bombeiros Militar do Maranh\u00e3o\" \/>\n<meta property=\"article:publisher\" content=\"https:\/\/www.facebook.com\/cobm.ma\" \/>\n<meta property=\"article:published_time\" content=\"2019-08-29T16:05:13+00:00\" \/>\n<meta property=\"og:image\" content=\"https:\/\/www.aocbmma.com.br\/wp-content\/uploads\/2019\/08\/alma_ma_widelg.jpg\" \/>\n\t<meta property=\"og:image:width\" content=\"1200\" \/>\n\t<meta property=\"og:image:height\" content=\"675\" \/>\n\t<meta property=\"og:image:type\" content=\"image\/jpeg\" \/>\n<meta name=\"author\" content=\"Ten Cel Amaral\" \/>\n<meta name=\"twitter:card\" content=\"summary_large_image\" \/>\n<meta name=\"twitter:label1\" content=\"Escrito por\" \/>\n\t<meta name=\"twitter:data1\" content=\"Ten Cel Amaral\" \/>\n\t<meta name=\"twitter:label2\" content=\"Est. tempo de leitura\" \/>\n\t<meta name=\"twitter:data2\" content=\"1 minuto\" \/>\n<script type=\"application\/ld+json\" class=\"yoast-schema-graph\">{\"@context\":\"https:\\\/\\\/schema.org\",\"@graph\":[{\"@type\":\"Article\",\"@id\":\"https:\\\/\\\/www.aocbmma.com.br\\\/index.php\\\/2019\\\/08\\\/29\\\/lider-do-governo-promete-apresentar-indicacao-ao-governador-sobre-indenizacao-de-fardamento\\\/#article\",\"isPartOf\":{\"@id\":\"https:\\\/\\\/www.aocbmma.com.br\\\/index.php\\\/2019\\\/08\\\/29\\\/lider-do-governo-promete-apresentar-indicacao-ao-governador-sobre-indenizacao-de-fardamento\\\/\"},\"author\":{\"name\":\"Ten Cel Amaral\",\"@id\":\"https:\\\/\\\/www.aocbmma.com.br\\\/#\\\/schema\\\/person\\\/3a5b5960a795551100cb7a13b2af62bc\"},\"headline\":\"L\u00cdDER DO GOVERNO PROMETE APRESENTAR INDICA\u00c7\u00c3O AO GOVERNADOR SOBRE INDENIZA\u00c7\u00c3O DE FARDAMENTO\",\"datePublished\":\"2019-08-29T16:05:13+00:00\",\"mainEntityOfPage\":{\"@id\":\"https:\\\/\\\/www.aocbmma.com.br\\\/index.php\\\/2019\\\/08\\\/29\\\/lider-do-governo-promete-apresentar-indicacao-ao-governador-sobre-indenizacao-de-fardamento\\\/\"},\"wordCount\":134,\"commentCount\":0,\"publisher\":{\"@id\":\"https:\\\/\\\/www.aocbmma.com.br\\\/#organization\"},\"image\":{\"@id\":\"https:\\\/\\\/www.aocbmma.com.br\\\/index.php\\\/2019\\\/08\\\/29\\\/lider-do-governo-promete-apresentar-indicacao-ao-governador-sobre-indenizacao-de-fardamento\\\/#primaryimage\"},\"thumbnailUrl\":\"https:\\\/\\\/www.aocbmma.com.br\\\/wp-content\\\/uploads\\\/2019\\\/08\\\/alma_ma_widelg.jpg\",\"articleSection\":[\"not\u00edcia\"],\"inLanguage\":\"pt-BR\",\"potentialAction\":[{\"@type\":\"CommentAction\",\"name\":\"Comment\",\"target\":[\"https:\\\/\\\/www.aocbmma.com.br\\\/index.php\\\/2019\\\/08\\\/29\\\/lider-do-governo-promete-apresentar-indicacao-ao-governador-sobre-indenizacao-de-fardamento\\\/#respond\"]}]},{\"@type\":\"WebPage\",\"@id\":\"https:\\\/\\\/www.aocbmma.com.br\\\/index.php\\\/2019\\\/08\\\/29\\\/lider-do-governo-promete-apresentar-indicacao-ao-governador-sobre-indenizacao-de-fardamento\\\/\",\"url\":\"https:\\\/\\\/www.aocbmma.com.br\\\/index.php\\\/2019\\\/08\\\/29\\\/lider-do-governo-promete-apresentar-indicacao-ao-governador-sobre-indenizacao-de-fardamento\\\/\",\"name\":\"L\u00cdDER DO GOVERNO PROMETE APRESENTAR INDICA\u00c7\u00c3O AO GOVERNADOR SOBRE INDENIZA\u00c7\u00c3O DE FARDAMENTO | AOCBMMA | Associa\u00e7\u00e3o dos Oficiais do Corpo de Bombeiros Militar do Maranh\u00e3o\",\"isPartOf\":{\"@id\":\"https:\\\/\\\/www.aocbmma.com.br\\\/#website\"},\"primaryImageOfPage\":{\"@id\":\"https:\\\/\\\/www.aocbmma.com.br\\\/index.php\\\/2019\\\/08\\\/29\\\/lider-do-governo-promete-apresentar-indicacao-ao-governador-sobre-indenizacao-de-fardamento\\\/#primaryimage\"},\"image\":{\"@id\":\"https:\\\/\\\/www.aocbmma.com.br\\\/index.php\\\/2019\\\/08\\\/29\\\/lider-do-governo-promete-apresentar-indicacao-ao-governador-sobre-indenizacao-de-fardamento\\\/#primaryimage\"},\"thumbnailUrl\":\"https:\\\/\\\/www.aocbmma.com.br\\\/wp-content\\\/uploads\\\/2019\\\/08\\\/alma_ma_widelg.jpg\",\"datePublished\":\"2019-08-29T16:05:13+00:00\",\"breadcrumb\":{\"@id\":\"https:\\\/\\\/www.aocbmma.com.br\\\/index.php\\\/2019\\\/08\\\/29\\\/lider-do-governo-promete-apresentar-indicacao-ao-governador-sobre-indenizacao-de-fardamento\\\/#breadcrumb\"},\"inLanguage\":\"pt-BR\",\"potentialAction\":[{\"@type\":\"ReadAction\",\"target\":[\"https:\\\/\\\/www.aocbmma.com.br\\\/index.php\\\/2019\\\/08\\\/29\\\/lider-do-governo-promete-apresentar-indicacao-ao-governador-sobre-indenizacao-de-fardamento\\\/\"]}]},{\"@type\":\"ImageObject\",\"inLanguage\":\"pt-BR\",\"@id\":\"https:\\\/\\\/www.aocbmma.com.br\\\/index.php\\\/2019\\\/08\\\/29\\\/lider-do-governo-promete-apresentar-indicacao-ao-governador-sobre-indenizacao-de-fardamento\\\/#primaryimage\",\"url\":\"https:\\\/\\\/www.aocbmma.com.br\\\/wp-content\\\/uploads\\\/2019\\\/08\\\/alma_ma_widelg.jpg\",\"contentUrl\":\"https:\\\/\\\/www.aocbmma.com.br\\\/wp-content\\\/uploads\\\/2019\\\/08\\\/alma_ma_widelg.jpg\",\"width\":1200,\"height\":675},{\"@type\":\"BreadcrumbList\",\"@id\":\"https:\\\/\\\/www.aocbmma.com.br\\\/index.php\\\/2019\\\/08\\\/29\\\/lider-do-governo-promete-apresentar-indicacao-ao-governador-sobre-indenizacao-de-fardamento\\\/#breadcrumb\",\"itemListElement\":[{\"@type\":\"ListItem\",\"position\":1,\"name\":\"In\u00edcio\",\"item\":\"https:\\\/\\\/www.aocbmma.com.br\\\/\"},{\"@type\":\"ListItem\",\"position\":2,\"name\":\"L\u00cdDER DO GOVERNO PROMETE APRESENTAR INDICA\u00c7\u00c3O AO GOVERNADOR SOBRE INDENIZA\u00c7\u00c3O DE FARDAMENTO\"}]},{\"@type\":\"WebSite\",\"@id\":\"https:\\\/\\\/www.aocbmma.com.br\\\/#website\",\"url\":\"https:\\\/\\\/www.aocbmma.com.br\\\/\",\"name\":\"AOCBMMA\",\"description\":\"\",\"publisher\":{\"@id\":\"https:\\\/\\\/www.aocbmma.com.br\\\/#organization\"},\"potentialAction\":[{\"@type\":\"SearchAction\",\"target\":{\"@type\":\"EntryPoint\",\"urlTemplate\":\"https:\\\/\\\/www.aocbmma.com.br\\\/?s={search_term_string}\"},\"query-input\":{\"@type\":\"PropertyValueSpecification\",\"valueRequired\":true,\"valueName\":\"search_term_string\"}}],\"inLanguage\":\"pt-BR\"},{\"@type\":\"Organization\",\"@id\":\"https:\\\/\\\/www.aocbmma.com.br\\\/#organization\",\"name\":\"Associa\u00e7\u00e3o dos Oficiais do Corpo de Bombeiros Militar do Maranh\u00e3o\",\"url\":\"https:\\\/\\\/www.aocbmma.com.br\\\/\",\"logo\":{\"@type\":\"ImageObject\",\"inLanguage\":\"pt-BR\",\"@id\":\"https:\\\/\\\/www.aocbmma.com.br\\\/#\\\/schema\\\/logo\\\/image\\\/\",\"url\":\"https:\\\/\\\/www.aocbmma.com.br\\\/wp-content\\\/uploads\\\/2019\\\/05\\\/brasao-grande.png\",\"contentUrl\":\"https:\\\/\\\/www.aocbmma.com.br\\\/wp-content\\\/uploads\\\/2019\\\/05\\\/brasao-grande.png\",\"width\":1154,\"height\":1155,\"caption\":\"Associa\u00e7\u00e3o dos Oficiais do Corpo de Bombeiros Militar do Maranh\u00e3o\"},\"image\":{\"@id\":\"https:\\\/\\\/www.aocbmma.com.br\\\/#\\\/schema\\\/logo\\\/image\\\/\"},\"sameAs\":[\"https:\\\/\\\/www.facebook.com\\\/cobm.ma\"]},{\"@type\":\"Person\",\"@id\":\"https:\\\/\\\/www.aocbmma.com.br\\\/#\\\/schema\\\/person\\\/3a5b5960a795551100cb7a13b2af62bc\",\"name\":\"Ten Cel Amaral\",\"image\":{\"@type\":\"ImageObject\",\"inLanguage\":\"pt-BR\",\"@id\":\"https:\\\/\\\/secure.gravatar.com\\\/avatar\\\/f44c085a01cf95e6ba3ee56dec104296bc4b83485275c61cc9e1f2ac08d0e876?s=96&d=mm&r=g\",\"url\":\"https:\\\/\\\/secure.gravatar.com\\\/avatar\\\/f44c085a01cf95e6ba3ee56dec104296bc4b83485275c61cc9e1f2ac08d0e876?s=96&d=mm&r=g\",\"contentUrl\":\"https:\\\/\\\/secure.gravatar.com\\\/avatar\\\/f44c085a01cf95e6ba3ee56dec104296bc4b83485275c61cc9e1f2ac08d0e876?s=96&d=mm&r=g\",\"caption\":\"Ten Cel Amaral\"},\"url\":\"https:\\\/\\\/www.aocbmma.com.br\\\/index.php\\\/author\\\/islandy-amaral\\\/\"}]}<\/script>\n<!-- \/ Yoast SEO plugin. -->","yoast_head_json":{"title":"L\u00cdDER DO GOVERNO PROMETE APRESENTAR INDICA\u00c7\u00c3O AO GOVERNADOR SOBRE INDENIZA\u00c7\u00c3O DE FARDAMENTO | AOCBMMA | Associa\u00e7\u00e3o dos Oficiais do Corpo de Bombeiros Militar do Maranh\u00e3o","robots":{"index":"index","follow":"follow","max-snippet":"max-snippet:-1","max-image-preview":"max-image-preview:large","max-video-preview":"max-video-preview:-1"},"canonical":"https:\/\/www.aocbmma.com.br\/index.php\/2019\/08\/29\/lider-do-governo-promete-apresentar-indicacao-ao-governador-sobre-indenizacao-de-fardamento\/","og_locale":"pt_BR","og_type":"article","og_title":"L\u00cdDER DO GOVERNO PROMETE APRESENTAR INDICA\u00c7\u00c3O AO GOVERNADOR SOBRE INDENIZA\u00c7\u00c3O DE FARDAMENTO | AOCBMMA | Associa\u00e7\u00e3o dos Oficiais do Corpo de Bombeiros Militar do Maranh\u00e3o","og_description":"O presidente da AOCBMMA, esteve reunido no dia 28 de agosto na Assembleia Legislativa com o Deputado Estadual Rafael Leitoa. No encontro o Tenente Coronel Amaral comentou sobre a promessa de apresenta\u00e7\u00e3o da indica\u00e7\u00e3o legislativa para recebimento de verba indenizat\u00f3ria anual e com valor especifico atualizado para os militares estaduais. O assunto j\u00e1 havia sido [&hellip;]","og_url":"https:\/\/www.aocbmma.com.br\/index.php\/2019\/08\/29\/lider-do-governo-promete-apresentar-indicacao-ao-governador-sobre-indenizacao-de-fardamento\/","og_site_name":"AOCBMMA | Associa\u00e7\u00e3o dos Oficiais do Corpo de Bombeiros Militar do Maranh\u00e3o","article_publisher":"https:\/\/www.facebook.com\/cobm.ma","article_published_time":"2019-08-29T16:05:13+00:00","og_image":[{"width":1200,"height":675,"url":"https:\/\/www.aocbmma.com.br\/wp-content\/uploads\/2019\/08\/alma_ma_widelg.jpg","type":"image\/jpeg"}],"author":"Ten Cel Amaral","twitter_card":"summary_large_image","twitter_misc":{"Escrito por":"Ten Cel Amaral","Est. tempo de leitura":"1 minuto"},"schema":{"@context":"https:\/\/schema.org","@graph":[{"@type":"Article","@id":"https:\/\/www.aocbmma.com.br\/index.php\/2019\/08\/29\/lider-do-governo-promete-apresentar-indicacao-ao-governador-sobre-indenizacao-de-fardamento\/#article","isPartOf":{"@id":"https:\/\/www.aocbmma.com.br\/index.php\/2019\/08\/29\/lider-do-governo-promete-apresentar-indicacao-ao-governador-sobre-indenizacao-de-fardamento\/"},"author":{"name":"Ten Cel Amaral","@id":"https:\/\/www.aocbmma.com.br\/#\/schema\/person\/3a5b5960a795551100cb7a13b2af62bc"},"headline":"L\u00cdDER DO GOVERNO PROMETE APRESENTAR INDICA\u00c7\u00c3O AO GOVERNADOR SOBRE INDENIZA\u00c7\u00c3O DE FARDAMENTO","datePublished":"2019-08-29T16:05:13+00:00","mainEntityOfPage":{"@id":"https:\/\/www.aocbmma.com.br\/index.php\/2019\/08\/29\/lider-do-governo-promete-apresentar-indicacao-ao-governador-sobre-indenizacao-de-fardamento\/"},"wordCount":134,"commentCount":0,"publisher":{"@id":"https:\/\/www.aocbmma.com.br\/#organization"},"image":{"@id":"https:\/\/www.aocbmma.com.br\/index.php\/2019\/08\/29\/lider-do-governo-promete-apresentar-indicacao-ao-governador-sobre-indenizacao-de-fardamento\/#primaryimage"},"thumbnailUrl":"https:\/\/www.aocbmma.com.br\/wp-content\/uploads\/2019\/08\/alma_ma_widelg.jpg","articleSection":["not\u00edcia"],"inLanguage":"pt-BR","potentialAction":[{"@type":"CommentAction","name":"Comment","target":["https:\/\/www.aocbmma.com.br\/index.php\/2019\/08\/29\/lider-do-governo-promete-apresentar-indicacao-ao-governador-sobre-indenizacao-de-fardamento\/#respond"]}]},{"@type":"WebPage","@id":"https:\/\/www.aocbmma.com.br\/index.php\/2019\/08\/29\/lider-do-governo-promete-apresentar-indicacao-ao-governador-sobre-indenizacao-de-fardamento\/","url":"https:\/\/www.aocbmma.com.br\/index.php\/2019\/08\/29\/lider-do-governo-promete-apresentar-indicacao-ao-governador-sobre-indenizacao-de-fardamento\/","name":"L\u00cdDER DO GOVERNO PROMETE APRESENTAR INDICA\u00c7\u00c3O AO GOVERNADOR SOBRE INDENIZA\u00c7\u00c3O DE FARDAMENTO | AOCBMMA | Associa\u00e7\u00e3o dos Oficiais do Corpo de Bombeiros Militar do Maranh\u00e3o","isPartOf":{"@id":"https:\/\/www.aocbmma.com.br\/#website"},"primaryImageOfPage":{"@id":"https:\/\/www.aocbmma.com.br\/index.php\/2019\/08\/29\/lider-do-governo-promete-apresentar-indicacao-ao-governador-sobre-indenizacao-de-fardamento\/#primaryimage"},"image":{"@id":"https:\/\/www.aocbmma.com.br\/index.php\/2019\/08\/29\/lider-do-governo-promete-apresentar-indicacao-ao-governador-sobre-indenizacao-de-fardamento\/#primaryimage"},"thumbnailUrl":"https:\/\/www.aocbmma.com.br\/wp-content\/uploads\/2019\/08\/alma_ma_widelg.jpg","datePublished":"2019-08-29T16:05:13+00:00","breadcrumb":{"@id":"https:\/\/www.aocbmma.com.br\/index.php\/2019\/08\/29\/lider-do-governo-promete-apresentar-indicacao-ao-governador-sobre-indenizacao-de-fardamento\/#breadcrumb"},"inLanguage":"pt-BR","potentialAction":[{"@type":"ReadAction","target":["https:\/\/www.aocbmma.com.br\/index.php\/2019\/08\/29\/lider-do-governo-promete-apresentar-indicacao-ao-governador-sobre-indenizacao-de-fardamento\/"]}]},{"@type":"ImageObject","inLanguage":"pt-BR","@id":"https:\/\/www.aocbmma.com.br\/index.php\/2019\/08\/29\/lider-do-governo-promete-apresentar-indicacao-ao-governador-sobre-indenizacao-de-fardamento\/#primaryimage","url":"https:\/\/www.aocbmma.com.br\/wp-content\/uploads\/2019\/08\/alma_ma_widelg.jpg","contentUrl":"https:\/\/www.aocbmma.com.br\/wp-content\/uploads\/2019\/08\/alma_ma_widelg.jpg","width":1200,"height":675},{"@type":"BreadcrumbList","@id":"https:\/\/www.aocbmma.com.br\/index.php\/2019\/08\/29\/lider-do-governo-promete-apresentar-indicacao-ao-governador-sobre-indenizacao-de-fardamento\/#breadcrumb","itemListElement":[{"@type":"ListItem","position":1,"name":"In\u00edcio","item":"https:\/\/www.aocbmma.com.br\/"},{"@type":"ListItem","position":2,"name":"L\u00cdDER DO GOVERNO PROMETE APRESENTAR INDICA\u00c7\u00c3O AO GOVERNADOR SOBRE INDENIZA\u00c7\u00c3O DE FARDAMENTO"}]},{"@type":"WebSite","@id":"https:\/\/www.aocbmma.com.br\/#website","url":"https:\/\/www.aocbmma.com.br\/","name":"AOCBMMA","description":"","publisher":{"@id":"https:\/\/www.aocbmma.com.br\/#organization"},"potentialAction":[{"@type":"SearchAction","target":{"@type":"EntryPoint","urlTemplate":"https:\/\/www.aocbmma.com.br\/?s={search_term_string}"},"query-input":{"@type":"PropertyValueSpecification","valueRequired":true,"valueName":"search_term_string"}}],"inLanguage":"pt-BR"},{"@type":"Organization","@id":"https:\/\/www.aocbmma.com.br\/#organization","name":"Associa\u00e7\u00e3o dos Oficiais do Corpo de Bombeiros Militar do Maranh\u00e3o","url":"https:\/\/www.aocbmma.com.br\/","logo":{"@type":"ImageObject","inLanguage":"pt-BR","@id":"https:\/\/www.aocbmma.com.br\/#\/schema\/logo\/image\/","url":"https:\/\/www.aocbmma.com.br\/wp-content\/uploads\/2019\/05\/brasao-grande.png","contentUrl":"https:\/\/www.aocbmma.com.br\/wp-content\/uploads\/2019\/05\/brasao-grande.png","width":1154,"height":1155,"caption":"Associa\u00e7\u00e3o dos Oficiais do Corpo de Bombeiros Militar do Maranh\u00e3o"},"image":{"@id":"https:\/\/www.aocbmma.com.br\/#\/schema\/logo\/image\/"},"sameAs":["https:\/\/www.facebook.com\/cobm.ma"]},{"@type":"Person","@id":"https:\/\/www.aocbmma.com.br\/#\/schema\/person\/3a5b5960a795551100cb7a13b2af62bc","name":"Ten Cel Amaral","image":{"@type":"ImageObject","inLanguage":"pt-BR","@id":"https:\/\/secure.gravatar.com\/avatar\/f44c085a01cf95e6ba3ee56dec104296bc4b83485275c61cc9e1f2ac08d0e876?s=96&d=mm&r=g","url":"https:\/\/secure.gravatar.com\/avatar\/f44c085a01cf95e6ba3ee56dec104296bc4b83485275c61cc9e1f2ac08d0e876?s=96&d=mm&r=g","contentUrl":"https:\/\/secure.gravatar.com\/avatar\/f44c085a01cf95e6ba3ee56dec104296bc4b83485275c61cc9e1f2ac08d0e876?s=96&d=mm&r=g","caption":"Ten Cel Amaral"},"url":"https:\/\/www.aocbmma.com.br\/index.php\/author\/islandy-amaral\/"}]}},"_links":{"self":[{"href":"https:\/\/www.aocbmma.com.br\/index.php\/wp-json\/wp\/v2\/posts\/450","targetHints":{"allow":["GET"]}}],"collection":[{"href":"https:\/\/www.aocbmma.com.br\/index.php\/wp-json\/wp\/v2\/posts"}],"about":[{"href":"https:\/\/www.aocbmma.com.br\/index.php\/wp-json\/wp\/v2\/types\/post"}],"author":[{"embeddable":true,"href":"https:\/\/www.aocbmma.com.br\/index.php\/wp-json\/wp\/v2\/users\/2"}],"replies":[{"embeddable":true,"href":"https:\/\/www.aocbmma.com.br\/index.php\/wp-json\/wp\/v2\/comments?post=450"}],"version-history":[{"count":2,"href":"https:\/\/www.aocbmma.com.br\/index.php\/wp-json\/wp\/v2\/posts\/450\/revisions"}],"predecessor-version":[{"id":453,"href":"https:\/\/www.aocbmma.com.br\/index.php\/wp-json\/wp\/v2\/posts\/450\/revisions\/453"}],"wp:featuredmedia":[{"embeddable":true,"href":"https:\/\/www.aocbmma.com.br\/index.php\/wp-json\/wp\/v2\/media\/451"}],"wp:attachment":[{"href":"https:\/\/www.aocbmma.com.br\/index.php\/wp-json\/wp\/v2\/media?parent=450"}],"wp:term":[{"taxonomy":"category","embeddable":true,"href":"https:\/\/www.aocbmma.com.br\/index.php\/wp-json\/wp\/v2\/categories?post=450"},{"taxonomy":"post_tag","embeddable":true,"href":"https:\/\/www.aocbmma.com.br\/index.php\/wp-json\/wp\/v2\/tags?post=450"}],"curies":[{"name":"wp","href":"https:\/\/api.w.org\/{rel}","templated":true}]}}