{"id":431,"date":"2019-08-01T11:51:30","date_gmt":"2019-08-01T14:51:30","guid":{"rendered":"http:\/\/www.aocbmma.com.br\/?p=431"},"modified":"2019-08-01T11:51:30","modified_gmt":"2019-08-01T14:51:30","slug":"associacao-dos-oficiais-do-cbmma-ingressa-com-mandado-de-injuncao-no-tribunal-de-justica-do-maranhao","status":"publish","type":"post","link":"https:\/\/www.aocbmma.com.br\/index.php\/2019\/08\/01\/associacao-dos-oficiais-do-cbmma-ingressa-com-mandado-de-injuncao-no-tribunal-de-justica-do-maranhao\/","title":{"rendered":"ASSOCIA\u00c7\u00c3O DOS OFICIAIS DO CBMMA INGRESSA COM MANDADO DE INJUN\u00c7\u00c3O NO TRIBUNAL DE JUSTI\u00c7A DO MARANH\u00c3O"},"content":{"rendered":"<p><strong>DIREITO DE ASSIST\u00caNCIA GRATUITA AOS FILHOS E DEPENDENTES DOS MILITARES. <\/strong><\/p>\n<p>A Associa\u00e7\u00e3o dos Oficiais do Corpo de Bombeiros Militar do Maranh\u00e3o, AOCBMMA, visando garantir o dever do Estado em rela\u00e7\u00e3o ao direito de assist\u00eancia gratuita aos filhos e dependentes dos militares em creches e pr\u00e9-escolas, com base na rela\u00e7\u00e3o entre o art. 208, inc. IV, art. 7\u00b0, inc. XXV, Art. 42. \u00a7 1\u00ba, Art. 142. \u00a7 3\u00ba, inc. VIII, todos da Constitui\u00e7\u00e3o Federal, ingressa com a medida judicial pertinente para tentar dar-lhe grau de concretude. O processo foi distribu\u00eddo para o Des. Ant\u00f4nio Fernando Bayma Ara\u00fajo.<\/p>\n<p>A import\u00e2ncia da educa\u00e7\u00e3o pr\u00e9-escolar foi enfatizada na Constitui\u00e7\u00e3o de 1988, estabelecendo o direito \u00e0 creche e pr\u00e9-escola para as crian\u00e7as com at\u00e9 5 anos de idade, bem como a responsabilidade da autoridade competente nos casos de omiss\u00e3o ou oferta irregular pelo Poder P\u00fablico.<\/p>\n<p>Para algumas Policias Militares e Corpos de Bombeiros Militares, como alternativa, j\u00e1 \u00e9 concedido aux\u00edlio financeiro destinado \u00e0s despesas pr\u00e9-escolares dos seus dependentes.<\/p>\n<p>A dificuldade encontrada pelo militar em matricular seu filho ou dependente em escolas ou creches da rede p\u00fablica faz com que o mesmo tenha que contratar, de forma prec\u00e1ria, uma pessoa, normalmente sem conhecimento pedag\u00f3gico adequado para o devido cuidado e desenvolvimento da crian\u00e7a. Muitos s\u00e3o obrigados a deixar os filhos sozinhos em casa expostos ao perigo, principalmente os filhos de PMs.<\/p>\n<p>A implementa\u00e7\u00e3o do aux\u00edlio pr\u00e9-escolar ou de outras alternativas preencheria uma lacuna legal das garantias e vantagens dos militares, proporcionando aos seus dependentes ambientes seguros e saud\u00e1veis para o pleno desenvolvimento da personalidade. Al\u00e9m disso, uma vantagem econ\u00f4mica indireta como o aux\u00edlio pr\u00e9-escolar, desoneraria em parte os sal\u00e1rios dos militares, que tanto sofrem com o cont\u00ednuo aumento do custo de vida, al\u00edquotas dos impostos e crescente participa\u00e7\u00e3o no custeio de sua previd\u00eancia.<\/p>\n","protected":false},"excerpt":{"rendered":"<p>DIREITO DE ASSIST\u00caNCIA GRATUITA AOS FILHOS E DEPENDENTES DOS MILITARES. A Associa\u00e7\u00e3o dos Oficiais do Corpo de Bombeiros Militar do Maranh\u00e3o, AOCBMMA, visando garantir o dever do Estado em rela\u00e7\u00e3o ao direito de assist\u00eancia gratuita aos filhos e dependentes dos militares em creches e pr\u00e9-escolas, com base na rela\u00e7\u00e3o entre o art. 208, inc. IV, [&hellip;]<\/p>\n","protected":false},"author":2,"featured_media":432,"comment_status":"open","ping_status":"open","sticky":false,"template":"","format":"standard","meta":{"om_disable_all_campaigns":false,"_monsterinsights_skip_tracking":false,"_monsterinsights_sitenote_active":false,"_monsterinsights_sitenote_note":"","_monsterinsights_sitenote_category":0,"footnotes":""},"categories":[2],"tags":[],"class_list":["post-431","post","type-post","status-publish","format-standard","has-post-thumbnail","hentry","category-noticia"],"aioseo_notices":[],"yoast_head":"<!-- This site is optimized with the Yoast SEO plugin v27.4 - https:\/\/yoast.com\/product\/yoast-seo-wordpress\/ -->\n<title>ASSOCIA\u00c7\u00c3O DOS OFICIAIS DO CBMMA INGRESSA COM MANDADO DE INJUN\u00c7\u00c3O NO TRIBUNAL DE JUSTI\u00c7A DO MARANH\u00c3O | AOCBMMA | Associa\u00e7\u00e3o dos Oficiais do Corpo de Bombeiros Militar do Maranh\u00e3o<\/title>\n<meta name=\"robots\" content=\"index, follow, max-snippet:-1, max-image-preview:large, max-video-preview:-1\" \/>\n<link rel=\"canonical\" href=\"https:\/\/www.aocbmma.com.br\/index.php\/2019\/08\/01\/associacao-dos-oficiais-do-cbmma-ingressa-com-mandado-de-injuncao-no-tribunal-de-justica-do-maranhao\/\" \/>\n<meta property=\"og:locale\" content=\"pt_BR\" \/>\n<meta property=\"og:type\" content=\"article\" \/>\n<meta property=\"og:title\" content=\"ASSOCIA\u00c7\u00c3O DOS OFICIAIS DO CBMMA INGRESSA COM MANDADO DE INJUN\u00c7\u00c3O NO TRIBUNAL DE JUSTI\u00c7A DO MARANH\u00c3O | AOCBMMA | Associa\u00e7\u00e3o dos Oficiais do Corpo de Bombeiros Militar do Maranh\u00e3o\" \/>\n<meta property=\"og:description\" content=\"DIREITO DE ASSIST\u00caNCIA GRATUITA AOS FILHOS E DEPENDENTES DOS MILITARES. A Associa\u00e7\u00e3o dos Oficiais do Corpo de Bombeiros Militar do Maranh\u00e3o, AOCBMMA, visando garantir o dever do Estado em rela\u00e7\u00e3o ao direito de assist\u00eancia gratuita aos filhos e dependentes dos militares em creches e pr\u00e9-escolas, com base na rela\u00e7\u00e3o entre o art. 208, inc. IV, [&hellip;]\" \/>\n<meta property=\"og:url\" content=\"https:\/\/www.aocbmma.com.br\/index.php\/2019\/08\/01\/associacao-dos-oficiais-do-cbmma-ingressa-com-mandado-de-injuncao-no-tribunal-de-justica-do-maranhao\/\" \/>\n<meta property=\"og:site_name\" content=\"AOCBMMA | Associa\u00e7\u00e3o dos Oficiais do Corpo de Bombeiros Militar do Maranh\u00e3o\" \/>\n<meta property=\"article:publisher\" content=\"https:\/\/www.facebook.com\/cobm.ma\" \/>\n<meta property=\"article:published_time\" content=\"2019-08-01T14:51:30+00:00\" \/>\n<meta property=\"og:image\" content=\"https:\/\/www.aocbmma.com.br\/wp-content\/uploads\/2019\/08\/crche.jpg\" \/>\n\t<meta property=\"og:image:width\" content=\"1068\" \/>\n\t<meta property=\"og:image:height\" content=\"567\" \/>\n\t<meta property=\"og:image:type\" content=\"image\/jpeg\" \/>\n<meta name=\"author\" content=\"Ten Cel Amaral\" \/>\n<meta name=\"twitter:card\" content=\"summary_large_image\" \/>\n<meta name=\"twitter:label1\" content=\"Escrito por\" \/>\n\t<meta name=\"twitter:data1\" content=\"Ten Cel Amaral\" \/>\n\t<meta name=\"twitter:label2\" content=\"Est. tempo de leitura\" \/>\n\t<meta name=\"twitter:data2\" content=\"2 minutos\" \/>\n<script type=\"application\/ld+json\" class=\"yoast-schema-graph\">{\"@context\":\"https:\\\/\\\/schema.org\",\"@graph\":[{\"@type\":\"Article\",\"@id\":\"https:\\\/\\\/www.aocbmma.com.br\\\/index.php\\\/2019\\\/08\\\/01\\\/associacao-dos-oficiais-do-cbmma-ingressa-com-mandado-de-injuncao-no-tribunal-de-justica-do-maranhao\\\/#article\",\"isPartOf\":{\"@id\":\"https:\\\/\\\/www.aocbmma.com.br\\\/index.php\\\/2019\\\/08\\\/01\\\/associacao-dos-oficiais-do-cbmma-ingressa-com-mandado-de-injuncao-no-tribunal-de-justica-do-maranhao\\\/\"},\"author\":{\"name\":\"Ten Cel Amaral\",\"@id\":\"https:\\\/\\\/www.aocbmma.com.br\\\/#\\\/schema\\\/person\\\/3a5b5960a795551100cb7a13b2af62bc\"},\"headline\":\"ASSOCIA\u00c7\u00c3O DOS OFICIAIS DO CBMMA INGRESSA COM MANDADO DE INJUN\u00c7\u00c3O NO TRIBUNAL DE JUSTI\u00c7A DO MARANH\u00c3O\",\"datePublished\":\"2019-08-01T14:51:30+00:00\",\"mainEntityOfPage\":{\"@id\":\"https:\\\/\\\/www.aocbmma.com.br\\\/index.php\\\/2019\\\/08\\\/01\\\/associacao-dos-oficiais-do-cbmma-ingressa-com-mandado-de-injuncao-no-tribunal-de-justica-do-maranhao\\\/\"},\"wordCount\":344,\"commentCount\":0,\"publisher\":{\"@id\":\"https:\\\/\\\/www.aocbmma.com.br\\\/#organization\"},\"image\":{\"@id\":\"https:\\\/\\\/www.aocbmma.com.br\\\/index.php\\\/2019\\\/08\\\/01\\\/associacao-dos-oficiais-do-cbmma-ingressa-com-mandado-de-injuncao-no-tribunal-de-justica-do-maranhao\\\/#primaryimage\"},\"thumbnailUrl\":\"https:\\\/\\\/www.aocbmma.com.br\\\/wp-content\\\/uploads\\\/2019\\\/08\\\/crche.jpg\",\"articleSection\":[\"not\u00edcia\"],\"inLanguage\":\"pt-BR\",\"potentialAction\":[{\"@type\":\"CommentAction\",\"name\":\"Comment\",\"target\":[\"https:\\\/\\\/www.aocbmma.com.br\\\/index.php\\\/2019\\\/08\\\/01\\\/associacao-dos-oficiais-do-cbmma-ingressa-com-mandado-de-injuncao-no-tribunal-de-justica-do-maranhao\\\/#respond\"]}]},{\"@type\":\"WebPage\",\"@id\":\"https:\\\/\\\/www.aocbmma.com.br\\\/index.php\\\/2019\\\/08\\\/01\\\/associacao-dos-oficiais-do-cbmma-ingressa-com-mandado-de-injuncao-no-tribunal-de-justica-do-maranhao\\\/\",\"url\":\"https:\\\/\\\/www.aocbmma.com.br\\\/index.php\\\/2019\\\/08\\\/01\\\/associacao-dos-oficiais-do-cbmma-ingressa-com-mandado-de-injuncao-no-tribunal-de-justica-do-maranhao\\\/\",\"name\":\"ASSOCIA\u00c7\u00c3O DOS OFICIAIS DO CBMMA INGRESSA COM MANDADO DE INJUN\u00c7\u00c3O NO TRIBUNAL DE JUSTI\u00c7A DO MARANH\u00c3O | AOCBMMA | Associa\u00e7\u00e3o dos Oficiais do Corpo de Bombeiros Militar do Maranh\u00e3o\",\"isPartOf\":{\"@id\":\"https:\\\/\\\/www.aocbmma.com.br\\\/#website\"},\"primaryImageOfPage\":{\"@id\":\"https:\\\/\\\/www.aocbmma.com.br\\\/index.php\\\/2019\\\/08\\\/01\\\/associacao-dos-oficiais-do-cbmma-ingressa-com-mandado-de-injuncao-no-tribunal-de-justica-do-maranhao\\\/#primaryimage\"},\"image\":{\"@id\":\"https:\\\/\\\/www.aocbmma.com.br\\\/index.php\\\/2019\\\/08\\\/01\\\/associacao-dos-oficiais-do-cbmma-ingressa-com-mandado-de-injuncao-no-tribunal-de-justica-do-maranhao\\\/#primaryimage\"},\"thumbnailUrl\":\"https:\\\/\\\/www.aocbmma.com.br\\\/wp-content\\\/uploads\\\/2019\\\/08\\\/crche.jpg\",\"datePublished\":\"2019-08-01T14:51:30+00:00\",\"breadcrumb\":{\"@id\":\"https:\\\/\\\/www.aocbmma.com.br\\\/index.php\\\/2019\\\/08\\\/01\\\/associacao-dos-oficiais-do-cbmma-ingressa-com-mandado-de-injuncao-no-tribunal-de-justica-do-maranhao\\\/#breadcrumb\"},\"inLanguage\":\"pt-BR\",\"potentialAction\":[{\"@type\":\"ReadAction\",\"target\":[\"https:\\\/\\\/www.aocbmma.com.br\\\/index.php\\\/2019\\\/08\\\/01\\\/associacao-dos-oficiais-do-cbmma-ingressa-com-mandado-de-injuncao-no-tribunal-de-justica-do-maranhao\\\/\"]}]},{\"@type\":\"ImageObject\",\"inLanguage\":\"pt-BR\",\"@id\":\"https:\\\/\\\/www.aocbmma.com.br\\\/index.php\\\/2019\\\/08\\\/01\\\/associacao-dos-oficiais-do-cbmma-ingressa-com-mandado-de-injuncao-no-tribunal-de-justica-do-maranhao\\\/#primaryimage\",\"url\":\"https:\\\/\\\/www.aocbmma.com.br\\\/wp-content\\\/uploads\\\/2019\\\/08\\\/crche.jpg\",\"contentUrl\":\"https:\\\/\\\/www.aocbmma.com.br\\\/wp-content\\\/uploads\\\/2019\\\/08\\\/crche.jpg\",\"width\":1068,\"height\":567},{\"@type\":\"BreadcrumbList\",\"@id\":\"https:\\\/\\\/www.aocbmma.com.br\\\/index.php\\\/2019\\\/08\\\/01\\\/associacao-dos-oficiais-do-cbmma-ingressa-com-mandado-de-injuncao-no-tribunal-de-justica-do-maranhao\\\/#breadcrumb\",\"itemListElement\":[{\"@type\":\"ListItem\",\"position\":1,\"name\":\"In\u00edcio\",\"item\":\"https:\\\/\\\/www.aocbmma.com.br\\\/\"},{\"@type\":\"ListItem\",\"position\":2,\"name\":\"ASSOCIA\u00c7\u00c3O DOS OFICIAIS DO CBMMA INGRESSA COM MANDADO DE INJUN\u00c7\u00c3O NO TRIBUNAL DE JUSTI\u00c7A DO MARANH\u00c3O\"}]},{\"@type\":\"WebSite\",\"@id\":\"https:\\\/\\\/www.aocbmma.com.br\\\/#website\",\"url\":\"https:\\\/\\\/www.aocbmma.com.br\\\/\",\"name\":\"AOCBMMA\",\"description\":\"\",\"publisher\":{\"@id\":\"https:\\\/\\\/www.aocbmma.com.br\\\/#organization\"},\"potentialAction\":[{\"@type\":\"SearchAction\",\"target\":{\"@type\":\"EntryPoint\",\"urlTemplate\":\"https:\\\/\\\/www.aocbmma.com.br\\\/?s={search_term_string}\"},\"query-input\":{\"@type\":\"PropertyValueSpecification\",\"valueRequired\":true,\"valueName\":\"search_term_string\"}}],\"inLanguage\":\"pt-BR\"},{\"@type\":\"Organization\",\"@id\":\"https:\\\/\\\/www.aocbmma.com.br\\\/#organization\",\"name\":\"Associa\u00e7\u00e3o dos Oficiais do Corpo de Bombeiros Militar do Maranh\u00e3o\",\"url\":\"https:\\\/\\\/www.aocbmma.com.br\\\/\",\"logo\":{\"@type\":\"ImageObject\",\"inLanguage\":\"pt-BR\",\"@id\":\"https:\\\/\\\/www.aocbmma.com.br\\\/#\\\/schema\\\/logo\\\/image\\\/\",\"url\":\"https:\\\/\\\/www.aocbmma.com.br\\\/wp-content\\\/uploads\\\/2019\\\/05\\\/brasao-grande.png\",\"contentUrl\":\"https:\\\/\\\/www.aocbmma.com.br\\\/wp-content\\\/uploads\\\/2019\\\/05\\\/brasao-grande.png\",\"width\":1154,\"height\":1155,\"caption\":\"Associa\u00e7\u00e3o dos Oficiais do Corpo de Bombeiros Militar do Maranh\u00e3o\"},\"image\":{\"@id\":\"https:\\\/\\\/www.aocbmma.com.br\\\/#\\\/schema\\\/logo\\\/image\\\/\"},\"sameAs\":[\"https:\\\/\\\/www.facebook.com\\\/cobm.ma\"]},{\"@type\":\"Person\",\"@id\":\"https:\\\/\\\/www.aocbmma.com.br\\\/#\\\/schema\\\/person\\\/3a5b5960a795551100cb7a13b2af62bc\",\"name\":\"Ten Cel Amaral\",\"image\":{\"@type\":\"ImageObject\",\"inLanguage\":\"pt-BR\",\"@id\":\"https:\\\/\\\/secure.gravatar.com\\\/avatar\\\/f44c085a01cf95e6ba3ee56dec104296bc4b83485275c61cc9e1f2ac08d0e876?s=96&d=mm&r=g\",\"url\":\"https:\\\/\\\/secure.gravatar.com\\\/avatar\\\/f44c085a01cf95e6ba3ee56dec104296bc4b83485275c61cc9e1f2ac08d0e876?s=96&d=mm&r=g\",\"contentUrl\":\"https:\\\/\\\/secure.gravatar.com\\\/avatar\\\/f44c085a01cf95e6ba3ee56dec104296bc4b83485275c61cc9e1f2ac08d0e876?s=96&d=mm&r=g\",\"caption\":\"Ten Cel Amaral\"},\"url\":\"https:\\\/\\\/www.aocbmma.com.br\\\/index.php\\\/author\\\/islandy-amaral\\\/\"}]}<\/script>\n<!-- \/ Yoast SEO plugin. -->","yoast_head_json":{"title":"ASSOCIA\u00c7\u00c3O DOS OFICIAIS DO CBMMA INGRESSA COM MANDADO DE INJUN\u00c7\u00c3O NO TRIBUNAL DE JUSTI\u00c7A DO MARANH\u00c3O | AOCBMMA | Associa\u00e7\u00e3o dos Oficiais do Corpo de Bombeiros Militar do Maranh\u00e3o","robots":{"index":"index","follow":"follow","max-snippet":"max-snippet:-1","max-image-preview":"max-image-preview:large","max-video-preview":"max-video-preview:-1"},"canonical":"https:\/\/www.aocbmma.com.br\/index.php\/2019\/08\/01\/associacao-dos-oficiais-do-cbmma-ingressa-com-mandado-de-injuncao-no-tribunal-de-justica-do-maranhao\/","og_locale":"pt_BR","og_type":"article","og_title":"ASSOCIA\u00c7\u00c3O DOS OFICIAIS DO CBMMA INGRESSA COM MANDADO DE INJUN\u00c7\u00c3O NO TRIBUNAL DE JUSTI\u00c7A DO MARANH\u00c3O | AOCBMMA | Associa\u00e7\u00e3o dos Oficiais do Corpo de Bombeiros Militar do Maranh\u00e3o","og_description":"DIREITO DE ASSIST\u00caNCIA GRATUITA AOS FILHOS E DEPENDENTES DOS MILITARES. A Associa\u00e7\u00e3o dos Oficiais do Corpo de Bombeiros Militar do Maranh\u00e3o, AOCBMMA, visando garantir o dever do Estado em rela\u00e7\u00e3o ao direito de assist\u00eancia gratuita aos filhos e dependentes dos militares em creches e pr\u00e9-escolas, com base na rela\u00e7\u00e3o entre o art. 208, inc. IV, [&hellip;]","og_url":"https:\/\/www.aocbmma.com.br\/index.php\/2019\/08\/01\/associacao-dos-oficiais-do-cbmma-ingressa-com-mandado-de-injuncao-no-tribunal-de-justica-do-maranhao\/","og_site_name":"AOCBMMA | Associa\u00e7\u00e3o dos Oficiais do Corpo de Bombeiros Militar do Maranh\u00e3o","article_publisher":"https:\/\/www.facebook.com\/cobm.ma","article_published_time":"2019-08-01T14:51:30+00:00","og_image":[{"width":1068,"height":567,"url":"https:\/\/www.aocbmma.com.br\/wp-content\/uploads\/2019\/08\/crche.jpg","type":"image\/jpeg"}],"author":"Ten Cel Amaral","twitter_card":"summary_large_image","twitter_misc":{"Escrito por":"Ten Cel Amaral","Est. tempo de leitura":"2 minutos"},"schema":{"@context":"https:\/\/schema.org","@graph":[{"@type":"Article","@id":"https:\/\/www.aocbmma.com.br\/index.php\/2019\/08\/01\/associacao-dos-oficiais-do-cbmma-ingressa-com-mandado-de-injuncao-no-tribunal-de-justica-do-maranhao\/#article","isPartOf":{"@id":"https:\/\/www.aocbmma.com.br\/index.php\/2019\/08\/01\/associacao-dos-oficiais-do-cbmma-ingressa-com-mandado-de-injuncao-no-tribunal-de-justica-do-maranhao\/"},"author":{"name":"Ten Cel Amaral","@id":"https:\/\/www.aocbmma.com.br\/#\/schema\/person\/3a5b5960a795551100cb7a13b2af62bc"},"headline":"ASSOCIA\u00c7\u00c3O DOS OFICIAIS DO CBMMA INGRESSA COM MANDADO DE INJUN\u00c7\u00c3O NO TRIBUNAL DE JUSTI\u00c7A DO MARANH\u00c3O","datePublished":"2019-08-01T14:51:30+00:00","mainEntityOfPage":{"@id":"https:\/\/www.aocbmma.com.br\/index.php\/2019\/08\/01\/associacao-dos-oficiais-do-cbmma-ingressa-com-mandado-de-injuncao-no-tribunal-de-justica-do-maranhao\/"},"wordCount":344,"commentCount":0,"publisher":{"@id":"https:\/\/www.aocbmma.com.br\/#organization"},"image":{"@id":"https:\/\/www.aocbmma.com.br\/index.php\/2019\/08\/01\/associacao-dos-oficiais-do-cbmma-ingressa-com-mandado-de-injuncao-no-tribunal-de-justica-do-maranhao\/#primaryimage"},"thumbnailUrl":"https:\/\/www.aocbmma.com.br\/wp-content\/uploads\/2019\/08\/crche.jpg","articleSection":["not\u00edcia"],"inLanguage":"pt-BR","potentialAction":[{"@type":"CommentAction","name":"Comment","target":["https:\/\/www.aocbmma.com.br\/index.php\/2019\/08\/01\/associacao-dos-oficiais-do-cbmma-ingressa-com-mandado-de-injuncao-no-tribunal-de-justica-do-maranhao\/#respond"]}]},{"@type":"WebPage","@id":"https:\/\/www.aocbmma.com.br\/index.php\/2019\/08\/01\/associacao-dos-oficiais-do-cbmma-ingressa-com-mandado-de-injuncao-no-tribunal-de-justica-do-maranhao\/","url":"https:\/\/www.aocbmma.com.br\/index.php\/2019\/08\/01\/associacao-dos-oficiais-do-cbmma-ingressa-com-mandado-de-injuncao-no-tribunal-de-justica-do-maranhao\/","name":"ASSOCIA\u00c7\u00c3O DOS OFICIAIS DO CBMMA INGRESSA COM MANDADO DE INJUN\u00c7\u00c3O NO TRIBUNAL DE JUSTI\u00c7A DO MARANH\u00c3O | AOCBMMA | Associa\u00e7\u00e3o dos Oficiais do Corpo de Bombeiros Militar do Maranh\u00e3o","isPartOf":{"@id":"https:\/\/www.aocbmma.com.br\/#website"},"primaryImageOfPage":{"@id":"https:\/\/www.aocbmma.com.br\/index.php\/2019\/08\/01\/associacao-dos-oficiais-do-cbmma-ingressa-com-mandado-de-injuncao-no-tribunal-de-justica-do-maranhao\/#primaryimage"},"image":{"@id":"https:\/\/www.aocbmma.com.br\/index.php\/2019\/08\/01\/associacao-dos-oficiais-do-cbmma-ingressa-com-mandado-de-injuncao-no-tribunal-de-justica-do-maranhao\/#primaryimage"},"thumbnailUrl":"https:\/\/www.aocbmma.com.br\/wp-content\/uploads\/2019\/08\/crche.jpg","datePublished":"2019-08-01T14:51:30+00:00","breadcrumb":{"@id":"https:\/\/www.aocbmma.com.br\/index.php\/2019\/08\/01\/associacao-dos-oficiais-do-cbmma-ingressa-com-mandado-de-injuncao-no-tribunal-de-justica-do-maranhao\/#breadcrumb"},"inLanguage":"pt-BR","potentialAction":[{"@type":"ReadAction","target":["https:\/\/www.aocbmma.com.br\/index.php\/2019\/08\/01\/associacao-dos-oficiais-do-cbmma-ingressa-com-mandado-de-injuncao-no-tribunal-de-justica-do-maranhao\/"]}]},{"@type":"ImageObject","inLanguage":"pt-BR","@id":"https:\/\/www.aocbmma.com.br\/index.php\/2019\/08\/01\/associacao-dos-oficiais-do-cbmma-ingressa-com-mandado-de-injuncao-no-tribunal-de-justica-do-maranhao\/#primaryimage","url":"https:\/\/www.aocbmma.com.br\/wp-content\/uploads\/2019\/08\/crche.jpg","contentUrl":"https:\/\/www.aocbmma.com.br\/wp-content\/uploads\/2019\/08\/crche.jpg","width":1068,"height":567},{"@type":"BreadcrumbList","@id":"https:\/\/www.aocbmma.com.br\/index.php\/2019\/08\/01\/associacao-dos-oficiais-do-cbmma-ingressa-com-mandado-de-injuncao-no-tribunal-de-justica-do-maranhao\/#breadcrumb","itemListElement":[{"@type":"ListItem","position":1,"name":"In\u00edcio","item":"https:\/\/www.aocbmma.com.br\/"},{"@type":"ListItem","position":2,"name":"ASSOCIA\u00c7\u00c3O DOS OFICIAIS DO CBMMA INGRESSA COM MANDADO DE INJUN\u00c7\u00c3O NO TRIBUNAL DE JUSTI\u00c7A DO MARANH\u00c3O"}]},{"@type":"WebSite","@id":"https:\/\/www.aocbmma.com.br\/#website","url":"https:\/\/www.aocbmma.com.br\/","name":"AOCBMMA","description":"","publisher":{"@id":"https:\/\/www.aocbmma.com.br\/#organization"},"potentialAction":[{"@type":"SearchAction","target":{"@type":"EntryPoint","urlTemplate":"https:\/\/www.aocbmma.com.br\/?s={search_term_string}"},"query-input":{"@type":"PropertyValueSpecification","valueRequired":true,"valueName":"search_term_string"}}],"inLanguage":"pt-BR"},{"@type":"Organization","@id":"https:\/\/www.aocbmma.com.br\/#organization","name":"Associa\u00e7\u00e3o dos Oficiais do Corpo de Bombeiros Militar do Maranh\u00e3o","url":"https:\/\/www.aocbmma.com.br\/","logo":{"@type":"ImageObject","inLanguage":"pt-BR","@id":"https:\/\/www.aocbmma.com.br\/#\/schema\/logo\/image\/","url":"https:\/\/www.aocbmma.com.br\/wp-content\/uploads\/2019\/05\/brasao-grande.png","contentUrl":"https:\/\/www.aocbmma.com.br\/wp-content\/uploads\/2019\/05\/brasao-grande.png","width":1154,"height":1155,"caption":"Associa\u00e7\u00e3o dos Oficiais do Corpo de Bombeiros Militar do Maranh\u00e3o"},"image":{"@id":"https:\/\/www.aocbmma.com.br\/#\/schema\/logo\/image\/"},"sameAs":["https:\/\/www.facebook.com\/cobm.ma"]},{"@type":"Person","@id":"https:\/\/www.aocbmma.com.br\/#\/schema\/person\/3a5b5960a795551100cb7a13b2af62bc","name":"Ten Cel Amaral","image":{"@type":"ImageObject","inLanguage":"pt-BR","@id":"https:\/\/secure.gravatar.com\/avatar\/f44c085a01cf95e6ba3ee56dec104296bc4b83485275c61cc9e1f2ac08d0e876?s=96&d=mm&r=g","url":"https:\/\/secure.gravatar.com\/avatar\/f44c085a01cf95e6ba3ee56dec104296bc4b83485275c61cc9e1f2ac08d0e876?s=96&d=mm&r=g","contentUrl":"https:\/\/secure.gravatar.com\/avatar\/f44c085a01cf95e6ba3ee56dec104296bc4b83485275c61cc9e1f2ac08d0e876?s=96&d=mm&r=g","caption":"Ten Cel Amaral"},"url":"https:\/\/www.aocbmma.com.br\/index.php\/author\/islandy-amaral\/"}]}},"_links":{"self":[{"href":"https:\/\/www.aocbmma.com.br\/index.php\/wp-json\/wp\/v2\/posts\/431","targetHints":{"allow":["GET"]}}],"collection":[{"href":"https:\/\/www.aocbmma.com.br\/index.php\/wp-json\/wp\/v2\/posts"}],"about":[{"href":"https:\/\/www.aocbmma.com.br\/index.php\/wp-json\/wp\/v2\/types\/post"}],"author":[{"embeddable":true,"href":"https:\/\/www.aocbmma.com.br\/index.php\/wp-json\/wp\/v2\/users\/2"}],"replies":[{"embeddable":true,"href":"https:\/\/www.aocbmma.com.br\/index.php\/wp-json\/wp\/v2\/comments?post=431"}],"version-history":[{"count":1,"href":"https:\/\/www.aocbmma.com.br\/index.php\/wp-json\/wp\/v2\/posts\/431\/revisions"}],"predecessor-version":[{"id":433,"href":"https:\/\/www.aocbmma.com.br\/index.php\/wp-json\/wp\/v2\/posts\/431\/revisions\/433"}],"wp:featuredmedia":[{"embeddable":true,"href":"https:\/\/www.aocbmma.com.br\/index.php\/wp-json\/wp\/v2\/media\/432"}],"wp:attachment":[{"href":"https:\/\/www.aocbmma.com.br\/index.php\/wp-json\/wp\/v2\/media?parent=431"}],"wp:term":[{"taxonomy":"category","embeddable":true,"href":"https:\/\/www.aocbmma.com.br\/index.php\/wp-json\/wp\/v2\/categories?post=431"},{"taxonomy":"post_tag","embeddable":true,"href":"https:\/\/www.aocbmma.com.br\/index.php\/wp-json\/wp\/v2\/tags?post=431"}],"curies":[{"name":"wp","href":"https:\/\/api.w.org\/{rel}","templated":true}]}}