{"id":412,"date":"2019-07-09T17:07:13","date_gmt":"2019-07-09T20:07:13","guid":{"rendered":"http:\/\/www.aocbmma.com.br\/?p=412"},"modified":"2019-07-09T18:16:06","modified_gmt":"2019-07-09T21:16:06","slug":"assessoria-juridica-da-aocbmma-entra-com-apelacao-e-obtem-exito-em-mandado-de-seguranca-contra-socio","status":"publish","type":"post","link":"https:\/\/www.aocbmma.com.br\/index.php\/2019\/07\/09\/assessoria-juridica-da-aocbmma-entra-com-apelacao-e-obtem-exito-em-mandado-de-seguranca-contra-socio\/","title":{"rendered":"ASSESSORIA JUR\u00cdDICA DA AOCBMMA ENTRA COM APELA\u00c7\u00c3O E OBT\u00c9M \u00caXITO EM MANDADO DE SEGURAN\u00c7A CONTRA S\u00d3CIO"},"content":{"rendered":"<p>LEANDRO ROCHA VIANA impetrou um mandado de seguran\u00e7a contra ato do Major Fraz\u00e3o ent\u00e3o comandante da 15\u00aa COMPANHIA INDEPENDENTE DE BOMBEIROS DO MUNIC\u00cdPIO DE COD\u00d3 \u2013 MA.<\/p>\n<p>Relata que estava tendo dificuldades em regularizar a sua empresa, visto que o Major se recusava a emitir o DARE e que recebeu um requerimento com uma s\u00e9rie de exig\u00eancias a serem cumpridas para que a empresa fosse regularizada.<\/p>\n<p>A assessoria jur\u00eddica da AOCBMMA, atrav\u00e9s do Dr HUGO,\u00a0 recorreu e obteve \u00eaxito. O impetrante, pessoa f\u00edsica, postulou em nome pr\u00f3prio suposto direito pertencente a outrem, pessoa jur\u00eddica, sendo julgado EXTINTO O PROCESSO, SEM RESOLU\u00c7\u00c3O DE M\u00c9RITO pelo ju\u00edzo da 1\u00aa Vara de Cod\u00f3.<\/p>\n","protected":false},"excerpt":{"rendered":"<p>LEANDRO ROCHA VIANA impetrou um mandado de seguran\u00e7a contra ato do Major Fraz\u00e3o ent\u00e3o comandante da 15\u00aa COMPANHIA INDEPENDENTE DE BOMBEIROS DO MUNIC\u00cdPIO DE COD\u00d3 \u2013 MA. Relata que estava tendo dificuldades em regularizar a sua empresa, visto que o Major se recusava a emitir o DARE e que recebeu um requerimento com uma s\u00e9rie [&hellip;]<\/p>\n","protected":false},"author":2,"featured_media":419,"comment_status":"open","ping_status":"open","sticky":false,"template":"","format":"standard","meta":{"om_disable_all_campaigns":false,"_monsterinsights_skip_tracking":false,"_monsterinsights_sitenote_active":false,"_monsterinsights_sitenote_note":"","_monsterinsights_sitenote_category":0,"footnotes":""},"categories":[2],"tags":[],"class_list":["post-412","post","type-post","status-publish","format-standard","has-post-thumbnail","hentry","category-noticia"],"aioseo_notices":[],"yoast_head":"<!-- This site is optimized with the Yoast SEO plugin v27.4 - https:\/\/yoast.com\/product\/yoast-seo-wordpress\/ -->\n<title>ASSESSORIA JUR\u00cdDICA DA AOCBMMA ENTRA COM APELA\u00c7\u00c3O E OBT\u00c9M \u00caXITO EM MANDADO DE SEGURAN\u00c7A CONTRA S\u00d3CIO | AOCBMMA | Associa\u00e7\u00e3o dos Oficiais do Corpo de Bombeiros Militar do Maranh\u00e3o %<\/title>\n<meta name=\"robots\" content=\"index, follow, max-snippet:-1, max-image-preview:large, max-video-preview:-1\" \/>\n<link rel=\"canonical\" href=\"https:\/\/www.aocbmma.com.br\/index.php\/2019\/07\/09\/assessoria-juridica-da-aocbmma-entra-com-apelacao-e-obtem-exito-em-mandado-de-seguranca-contra-socio\/\" \/>\n<meta property=\"og:locale\" content=\"pt_BR\" \/>\n<meta property=\"og:type\" content=\"article\" \/>\n<meta property=\"og:title\" content=\"ASSESSORIA JUR\u00cdDICA DA AOCBMMA ENTRA COM APELA\u00c7\u00c3O E OBT\u00c9M \u00caXITO EM MANDADO DE SEGURAN\u00c7A CONTRA S\u00d3CIO | AOCBMMA | Associa\u00e7\u00e3o dos Oficiais do Corpo de Bombeiros Militar do Maranh\u00e3o %\" \/>\n<meta property=\"og:description\" content=\"LEANDRO ROCHA VIANA impetrou um mandado de seguran\u00e7a contra ato do Major Fraz\u00e3o ent\u00e3o comandante da 15\u00aa COMPANHIA INDEPENDENTE DE BOMBEIROS DO MUNIC\u00cdPIO DE COD\u00d3 \u2013 MA. Relata que estava tendo dificuldades em regularizar a sua empresa, visto que o Major se recusava a emitir o DARE e que recebeu um requerimento com uma s\u00e9rie [&hellip;]\" \/>\n<meta property=\"og:url\" content=\"https:\/\/www.aocbmma.com.br\/index.php\/2019\/07\/09\/assessoria-juridica-da-aocbmma-entra-com-apelacao-e-obtem-exito-em-mandado-de-seguranca-contra-socio\/\" \/>\n<meta property=\"og:site_name\" content=\"AOCBMMA | Associa\u00e7\u00e3o dos Oficiais do Corpo de Bombeiros Militar do Maranh\u00e3o\" \/>\n<meta property=\"article:publisher\" content=\"https:\/\/www.facebook.com\/cobm.ma\" \/>\n<meta property=\"article:published_time\" content=\"2019-07-09T20:07:13+00:00\" \/>\n<meta property=\"article:modified_time\" content=\"2019-07-09T21:16:06+00:00\" \/>\n<meta property=\"og:image\" content=\"https:\/\/www.aocbmma.com.br\/wp-content\/uploads\/2019\/07\/foto-assis.jpg\" \/>\n\t<meta property=\"og:image:width\" content=\"1280\" \/>\n\t<meta property=\"og:image:height\" content=\"704\" \/>\n\t<meta property=\"og:image:type\" content=\"image\/jpeg\" \/>\n<meta name=\"author\" content=\"Ten Cel Amaral\" \/>\n<meta name=\"twitter:card\" content=\"summary_large_image\" \/>\n<meta name=\"twitter:label1\" content=\"Escrito por\" \/>\n\t<meta name=\"twitter:data1\" content=\"Ten Cel Amaral\" \/>\n\t<meta name=\"twitter:label2\" content=\"Est. tempo de leitura\" \/>\n\t<meta name=\"twitter:data2\" content=\"1 minuto\" \/>\n<script type=\"application\/ld+json\" class=\"yoast-schema-graph\">{\"@context\":\"https:\\\/\\\/schema.org\",\"@graph\":[{\"@type\":\"Article\",\"@id\":\"https:\\\/\\\/www.aocbmma.com.br\\\/index.php\\\/2019\\\/07\\\/09\\\/assessoria-juridica-da-aocbmma-entra-com-apelacao-e-obtem-exito-em-mandado-de-seguranca-contra-socio\\\/#article\",\"isPartOf\":{\"@id\":\"https:\\\/\\\/www.aocbmma.com.br\\\/index.php\\\/2019\\\/07\\\/09\\\/assessoria-juridica-da-aocbmma-entra-com-apelacao-e-obtem-exito-em-mandado-de-seguranca-contra-socio\\\/\"},\"author\":{\"name\":\"Ten Cel Amaral\",\"@id\":\"https:\\\/\\\/www.aocbmma.com.br\\\/#\\\/schema\\\/person\\\/3a5b5960a795551100cb7a13b2af62bc\"},\"headline\":\"ASSESSORIA JUR\u00cdDICA DA AOCBMMA ENTRA COM APELA\u00c7\u00c3O E OBT\u00c9M \u00caXITO EM MANDADO DE SEGURAN\u00c7A CONTRA S\u00d3CIO\",\"datePublished\":\"2019-07-09T20:07:13+00:00\",\"dateModified\":\"2019-07-09T21:16:06+00:00\",\"mainEntityOfPage\":{\"@id\":\"https:\\\/\\\/www.aocbmma.com.br\\\/index.php\\\/2019\\\/07\\\/09\\\/assessoria-juridica-da-aocbmma-entra-com-apelacao-e-obtem-exito-em-mandado-de-seguranca-contra-socio\\\/\"},\"wordCount\":142,\"commentCount\":0,\"publisher\":{\"@id\":\"https:\\\/\\\/www.aocbmma.com.br\\\/#organization\"},\"image\":{\"@id\":\"https:\\\/\\\/www.aocbmma.com.br\\\/index.php\\\/2019\\\/07\\\/09\\\/assessoria-juridica-da-aocbmma-entra-com-apelacao-e-obtem-exito-em-mandado-de-seguranca-contra-socio\\\/#primaryimage\"},\"thumbnailUrl\":\"https:\\\/\\\/www.aocbmma.com.br\\\/wp-content\\\/uploads\\\/2019\\\/07\\\/foto-assis.jpg\",\"articleSection\":[\"not\u00edcia\"],\"inLanguage\":\"pt-BR\",\"potentialAction\":[{\"@type\":\"CommentAction\",\"name\":\"Comment\",\"target\":[\"https:\\\/\\\/www.aocbmma.com.br\\\/index.php\\\/2019\\\/07\\\/09\\\/assessoria-juridica-da-aocbmma-entra-com-apelacao-e-obtem-exito-em-mandado-de-seguranca-contra-socio\\\/#respond\"]}]},{\"@type\":\"WebPage\",\"@id\":\"https:\\\/\\\/www.aocbmma.com.br\\\/index.php\\\/2019\\\/07\\\/09\\\/assessoria-juridica-da-aocbmma-entra-com-apelacao-e-obtem-exito-em-mandado-de-seguranca-contra-socio\\\/\",\"url\":\"https:\\\/\\\/www.aocbmma.com.br\\\/index.php\\\/2019\\\/07\\\/09\\\/assessoria-juridica-da-aocbmma-entra-com-apelacao-e-obtem-exito-em-mandado-de-seguranca-contra-socio\\\/\",\"name\":\"ASSESSORIA JUR\u00cdDICA DA AOCBMMA ENTRA COM APELA\u00c7\u00c3O E OBT\u00c9M \u00caXITO EM MANDADO DE SEGURAN\u00c7A CONTRA S\u00d3CIO | AOCBMMA | Associa\u00e7\u00e3o dos Oficiais do Corpo de Bombeiros Militar do Maranh\u00e3o %\",\"isPartOf\":{\"@id\":\"https:\\\/\\\/www.aocbmma.com.br\\\/#website\"},\"primaryImageOfPage\":{\"@id\":\"https:\\\/\\\/www.aocbmma.com.br\\\/index.php\\\/2019\\\/07\\\/09\\\/assessoria-juridica-da-aocbmma-entra-com-apelacao-e-obtem-exito-em-mandado-de-seguranca-contra-socio\\\/#primaryimage\"},\"image\":{\"@id\":\"https:\\\/\\\/www.aocbmma.com.br\\\/index.php\\\/2019\\\/07\\\/09\\\/assessoria-juridica-da-aocbmma-entra-com-apelacao-e-obtem-exito-em-mandado-de-seguranca-contra-socio\\\/#primaryimage\"},\"thumbnailUrl\":\"https:\\\/\\\/www.aocbmma.com.br\\\/wp-content\\\/uploads\\\/2019\\\/07\\\/foto-assis.jpg\",\"datePublished\":\"2019-07-09T20:07:13+00:00\",\"dateModified\":\"2019-07-09T21:16:06+00:00\",\"breadcrumb\":{\"@id\":\"https:\\\/\\\/www.aocbmma.com.br\\\/index.php\\\/2019\\\/07\\\/09\\\/assessoria-juridica-da-aocbmma-entra-com-apelacao-e-obtem-exito-em-mandado-de-seguranca-contra-socio\\\/#breadcrumb\"},\"inLanguage\":\"pt-BR\",\"potentialAction\":[{\"@type\":\"ReadAction\",\"target\":[\"https:\\\/\\\/www.aocbmma.com.br\\\/index.php\\\/2019\\\/07\\\/09\\\/assessoria-juridica-da-aocbmma-entra-com-apelacao-e-obtem-exito-em-mandado-de-seguranca-contra-socio\\\/\"]}]},{\"@type\":\"ImageObject\",\"inLanguage\":\"pt-BR\",\"@id\":\"https:\\\/\\\/www.aocbmma.com.br\\\/index.php\\\/2019\\\/07\\\/09\\\/assessoria-juridica-da-aocbmma-entra-com-apelacao-e-obtem-exito-em-mandado-de-seguranca-contra-socio\\\/#primaryimage\",\"url\":\"https:\\\/\\\/www.aocbmma.com.br\\\/wp-content\\\/uploads\\\/2019\\\/07\\\/foto-assis.jpg\",\"contentUrl\":\"https:\\\/\\\/www.aocbmma.com.br\\\/wp-content\\\/uploads\\\/2019\\\/07\\\/foto-assis.jpg\",\"width\":1280,\"height\":704},{\"@type\":\"BreadcrumbList\",\"@id\":\"https:\\\/\\\/www.aocbmma.com.br\\\/index.php\\\/2019\\\/07\\\/09\\\/assessoria-juridica-da-aocbmma-entra-com-apelacao-e-obtem-exito-em-mandado-de-seguranca-contra-socio\\\/#breadcrumb\",\"itemListElement\":[{\"@type\":\"ListItem\",\"position\":1,\"name\":\"In\u00edcio\",\"item\":\"https:\\\/\\\/www.aocbmma.com.br\\\/\"},{\"@type\":\"ListItem\",\"position\":2,\"name\":\"ASSESSORIA JUR\u00cdDICA DA AOCBMMA ENTRA COM APELA\u00c7\u00c3O E OBT\u00c9M \u00caXITO EM MANDADO DE SEGURAN\u00c7A CONTRA S\u00d3CIO\"}]},{\"@type\":\"WebSite\",\"@id\":\"https:\\\/\\\/www.aocbmma.com.br\\\/#website\",\"url\":\"https:\\\/\\\/www.aocbmma.com.br\\\/\",\"name\":\"AOCBMMA\",\"description\":\"\",\"publisher\":{\"@id\":\"https:\\\/\\\/www.aocbmma.com.br\\\/#organization\"},\"potentialAction\":[{\"@type\":\"SearchAction\",\"target\":{\"@type\":\"EntryPoint\",\"urlTemplate\":\"https:\\\/\\\/www.aocbmma.com.br\\\/?s={search_term_string}\"},\"query-input\":{\"@type\":\"PropertyValueSpecification\",\"valueRequired\":true,\"valueName\":\"search_term_string\"}}],\"inLanguage\":\"pt-BR\"},{\"@type\":\"Organization\",\"@id\":\"https:\\\/\\\/www.aocbmma.com.br\\\/#organization\",\"name\":\"Associa\u00e7\u00e3o dos Oficiais do Corpo de Bombeiros Militar do Maranh\u00e3o\",\"url\":\"https:\\\/\\\/www.aocbmma.com.br\\\/\",\"logo\":{\"@type\":\"ImageObject\",\"inLanguage\":\"pt-BR\",\"@id\":\"https:\\\/\\\/www.aocbmma.com.br\\\/#\\\/schema\\\/logo\\\/image\\\/\",\"url\":\"https:\\\/\\\/www.aocbmma.com.br\\\/wp-content\\\/uploads\\\/2019\\\/05\\\/brasao-grande.png\",\"contentUrl\":\"https:\\\/\\\/www.aocbmma.com.br\\\/wp-content\\\/uploads\\\/2019\\\/05\\\/brasao-grande.png\",\"width\":1154,\"height\":1155,\"caption\":\"Associa\u00e7\u00e3o dos Oficiais do Corpo de Bombeiros Militar do Maranh\u00e3o\"},\"image\":{\"@id\":\"https:\\\/\\\/www.aocbmma.com.br\\\/#\\\/schema\\\/logo\\\/image\\\/\"},\"sameAs\":[\"https:\\\/\\\/www.facebook.com\\\/cobm.ma\"]},{\"@type\":\"Person\",\"@id\":\"https:\\\/\\\/www.aocbmma.com.br\\\/#\\\/schema\\\/person\\\/3a5b5960a795551100cb7a13b2af62bc\",\"name\":\"Ten Cel Amaral\",\"image\":{\"@type\":\"ImageObject\",\"inLanguage\":\"pt-BR\",\"@id\":\"https:\\\/\\\/secure.gravatar.com\\\/avatar\\\/f44c085a01cf95e6ba3ee56dec104296bc4b83485275c61cc9e1f2ac08d0e876?s=96&d=mm&r=g\",\"url\":\"https:\\\/\\\/secure.gravatar.com\\\/avatar\\\/f44c085a01cf95e6ba3ee56dec104296bc4b83485275c61cc9e1f2ac08d0e876?s=96&d=mm&r=g\",\"contentUrl\":\"https:\\\/\\\/secure.gravatar.com\\\/avatar\\\/f44c085a01cf95e6ba3ee56dec104296bc4b83485275c61cc9e1f2ac08d0e876?s=96&d=mm&r=g\",\"caption\":\"Ten Cel Amaral\"},\"url\":\"https:\\\/\\\/www.aocbmma.com.br\\\/index.php\\\/author\\\/islandy-amaral\\\/\"}]}<\/script>\n<!-- \/ Yoast SEO plugin. -->","yoast_head_json":{"title":"ASSESSORIA JUR\u00cdDICA DA AOCBMMA ENTRA COM APELA\u00c7\u00c3O E OBT\u00c9M \u00caXITO EM MANDADO DE SEGURAN\u00c7A CONTRA S\u00d3CIO | AOCBMMA | Associa\u00e7\u00e3o dos Oficiais do Corpo de Bombeiros Militar do Maranh\u00e3o %","robots":{"index":"index","follow":"follow","max-snippet":"max-snippet:-1","max-image-preview":"max-image-preview:large","max-video-preview":"max-video-preview:-1"},"canonical":"https:\/\/www.aocbmma.com.br\/index.php\/2019\/07\/09\/assessoria-juridica-da-aocbmma-entra-com-apelacao-e-obtem-exito-em-mandado-de-seguranca-contra-socio\/","og_locale":"pt_BR","og_type":"article","og_title":"ASSESSORIA JUR\u00cdDICA DA AOCBMMA ENTRA COM APELA\u00c7\u00c3O E OBT\u00c9M \u00caXITO EM MANDADO DE SEGURAN\u00c7A CONTRA S\u00d3CIO | AOCBMMA | Associa\u00e7\u00e3o dos Oficiais do Corpo de Bombeiros Militar do Maranh\u00e3o %","og_description":"LEANDRO ROCHA VIANA impetrou um mandado de seguran\u00e7a contra ato do Major Fraz\u00e3o ent\u00e3o comandante da 15\u00aa COMPANHIA INDEPENDENTE DE BOMBEIROS DO MUNIC\u00cdPIO DE COD\u00d3 \u2013 MA. Relata que estava tendo dificuldades em regularizar a sua empresa, visto que o Major se recusava a emitir o DARE e que recebeu um requerimento com uma s\u00e9rie [&hellip;]","og_url":"https:\/\/www.aocbmma.com.br\/index.php\/2019\/07\/09\/assessoria-juridica-da-aocbmma-entra-com-apelacao-e-obtem-exito-em-mandado-de-seguranca-contra-socio\/","og_site_name":"AOCBMMA | Associa\u00e7\u00e3o dos Oficiais do Corpo de Bombeiros Militar do Maranh\u00e3o","article_publisher":"https:\/\/www.facebook.com\/cobm.ma","article_published_time":"2019-07-09T20:07:13+00:00","article_modified_time":"2019-07-09T21:16:06+00:00","og_image":[{"width":1280,"height":704,"url":"https:\/\/www.aocbmma.com.br\/wp-content\/uploads\/2019\/07\/foto-assis.jpg","type":"image\/jpeg"}],"author":"Ten Cel Amaral","twitter_card":"summary_large_image","twitter_misc":{"Escrito por":"Ten Cel Amaral","Est. tempo de leitura":"1 minuto"},"schema":{"@context":"https:\/\/schema.org","@graph":[{"@type":"Article","@id":"https:\/\/www.aocbmma.com.br\/index.php\/2019\/07\/09\/assessoria-juridica-da-aocbmma-entra-com-apelacao-e-obtem-exito-em-mandado-de-seguranca-contra-socio\/#article","isPartOf":{"@id":"https:\/\/www.aocbmma.com.br\/index.php\/2019\/07\/09\/assessoria-juridica-da-aocbmma-entra-com-apelacao-e-obtem-exito-em-mandado-de-seguranca-contra-socio\/"},"author":{"name":"Ten Cel Amaral","@id":"https:\/\/www.aocbmma.com.br\/#\/schema\/person\/3a5b5960a795551100cb7a13b2af62bc"},"headline":"ASSESSORIA JUR\u00cdDICA DA AOCBMMA ENTRA COM APELA\u00c7\u00c3O E OBT\u00c9M \u00caXITO EM MANDADO DE SEGURAN\u00c7A CONTRA S\u00d3CIO","datePublished":"2019-07-09T20:07:13+00:00","dateModified":"2019-07-09T21:16:06+00:00","mainEntityOfPage":{"@id":"https:\/\/www.aocbmma.com.br\/index.php\/2019\/07\/09\/assessoria-juridica-da-aocbmma-entra-com-apelacao-e-obtem-exito-em-mandado-de-seguranca-contra-socio\/"},"wordCount":142,"commentCount":0,"publisher":{"@id":"https:\/\/www.aocbmma.com.br\/#organization"},"image":{"@id":"https:\/\/www.aocbmma.com.br\/index.php\/2019\/07\/09\/assessoria-juridica-da-aocbmma-entra-com-apelacao-e-obtem-exito-em-mandado-de-seguranca-contra-socio\/#primaryimage"},"thumbnailUrl":"https:\/\/www.aocbmma.com.br\/wp-content\/uploads\/2019\/07\/foto-assis.jpg","articleSection":["not\u00edcia"],"inLanguage":"pt-BR","potentialAction":[{"@type":"CommentAction","name":"Comment","target":["https:\/\/www.aocbmma.com.br\/index.php\/2019\/07\/09\/assessoria-juridica-da-aocbmma-entra-com-apelacao-e-obtem-exito-em-mandado-de-seguranca-contra-socio\/#respond"]}]},{"@type":"WebPage","@id":"https:\/\/www.aocbmma.com.br\/index.php\/2019\/07\/09\/assessoria-juridica-da-aocbmma-entra-com-apelacao-e-obtem-exito-em-mandado-de-seguranca-contra-socio\/","url":"https:\/\/www.aocbmma.com.br\/index.php\/2019\/07\/09\/assessoria-juridica-da-aocbmma-entra-com-apelacao-e-obtem-exito-em-mandado-de-seguranca-contra-socio\/","name":"ASSESSORIA JUR\u00cdDICA DA AOCBMMA ENTRA COM APELA\u00c7\u00c3O E OBT\u00c9M \u00caXITO EM MANDADO DE SEGURAN\u00c7A CONTRA S\u00d3CIO | AOCBMMA | Associa\u00e7\u00e3o dos Oficiais do Corpo de Bombeiros Militar do Maranh\u00e3o %","isPartOf":{"@id":"https:\/\/www.aocbmma.com.br\/#website"},"primaryImageOfPage":{"@id":"https:\/\/www.aocbmma.com.br\/index.php\/2019\/07\/09\/assessoria-juridica-da-aocbmma-entra-com-apelacao-e-obtem-exito-em-mandado-de-seguranca-contra-socio\/#primaryimage"},"image":{"@id":"https:\/\/www.aocbmma.com.br\/index.php\/2019\/07\/09\/assessoria-juridica-da-aocbmma-entra-com-apelacao-e-obtem-exito-em-mandado-de-seguranca-contra-socio\/#primaryimage"},"thumbnailUrl":"https:\/\/www.aocbmma.com.br\/wp-content\/uploads\/2019\/07\/foto-assis.jpg","datePublished":"2019-07-09T20:07:13+00:00","dateModified":"2019-07-09T21:16:06+00:00","breadcrumb":{"@id":"https:\/\/www.aocbmma.com.br\/index.php\/2019\/07\/09\/assessoria-juridica-da-aocbmma-entra-com-apelacao-e-obtem-exito-em-mandado-de-seguranca-contra-socio\/#breadcrumb"},"inLanguage":"pt-BR","potentialAction":[{"@type":"ReadAction","target":["https:\/\/www.aocbmma.com.br\/index.php\/2019\/07\/09\/assessoria-juridica-da-aocbmma-entra-com-apelacao-e-obtem-exito-em-mandado-de-seguranca-contra-socio\/"]}]},{"@type":"ImageObject","inLanguage":"pt-BR","@id":"https:\/\/www.aocbmma.com.br\/index.php\/2019\/07\/09\/assessoria-juridica-da-aocbmma-entra-com-apelacao-e-obtem-exito-em-mandado-de-seguranca-contra-socio\/#primaryimage","url":"https:\/\/www.aocbmma.com.br\/wp-content\/uploads\/2019\/07\/foto-assis.jpg","contentUrl":"https:\/\/www.aocbmma.com.br\/wp-content\/uploads\/2019\/07\/foto-assis.jpg","width":1280,"height":704},{"@type":"BreadcrumbList","@id":"https:\/\/www.aocbmma.com.br\/index.php\/2019\/07\/09\/assessoria-juridica-da-aocbmma-entra-com-apelacao-e-obtem-exito-em-mandado-de-seguranca-contra-socio\/#breadcrumb","itemListElement":[{"@type":"ListItem","position":1,"name":"In\u00edcio","item":"https:\/\/www.aocbmma.com.br\/"},{"@type":"ListItem","position":2,"name":"ASSESSORIA JUR\u00cdDICA DA AOCBMMA ENTRA COM APELA\u00c7\u00c3O E OBT\u00c9M \u00caXITO EM MANDADO DE SEGURAN\u00c7A CONTRA S\u00d3CIO"}]},{"@type":"WebSite","@id":"https:\/\/www.aocbmma.com.br\/#website","url":"https:\/\/www.aocbmma.com.br\/","name":"AOCBMMA","description":"","publisher":{"@id":"https:\/\/www.aocbmma.com.br\/#organization"},"potentialAction":[{"@type":"SearchAction","target":{"@type":"EntryPoint","urlTemplate":"https:\/\/www.aocbmma.com.br\/?s={search_term_string}"},"query-input":{"@type":"PropertyValueSpecification","valueRequired":true,"valueName":"search_term_string"}}],"inLanguage":"pt-BR"},{"@type":"Organization","@id":"https:\/\/www.aocbmma.com.br\/#organization","name":"Associa\u00e7\u00e3o dos Oficiais do Corpo de Bombeiros Militar do Maranh\u00e3o","url":"https:\/\/www.aocbmma.com.br\/","logo":{"@type":"ImageObject","inLanguage":"pt-BR","@id":"https:\/\/www.aocbmma.com.br\/#\/schema\/logo\/image\/","url":"https:\/\/www.aocbmma.com.br\/wp-content\/uploads\/2019\/05\/brasao-grande.png","contentUrl":"https:\/\/www.aocbmma.com.br\/wp-content\/uploads\/2019\/05\/brasao-grande.png","width":1154,"height":1155,"caption":"Associa\u00e7\u00e3o dos Oficiais do Corpo de Bombeiros Militar do Maranh\u00e3o"},"image":{"@id":"https:\/\/www.aocbmma.com.br\/#\/schema\/logo\/image\/"},"sameAs":["https:\/\/www.facebook.com\/cobm.ma"]},{"@type":"Person","@id":"https:\/\/www.aocbmma.com.br\/#\/schema\/person\/3a5b5960a795551100cb7a13b2af62bc","name":"Ten Cel Amaral","image":{"@type":"ImageObject","inLanguage":"pt-BR","@id":"https:\/\/secure.gravatar.com\/avatar\/f44c085a01cf95e6ba3ee56dec104296bc4b83485275c61cc9e1f2ac08d0e876?s=96&d=mm&r=g","url":"https:\/\/secure.gravatar.com\/avatar\/f44c085a01cf95e6ba3ee56dec104296bc4b83485275c61cc9e1f2ac08d0e876?s=96&d=mm&r=g","contentUrl":"https:\/\/secure.gravatar.com\/avatar\/f44c085a01cf95e6ba3ee56dec104296bc4b83485275c61cc9e1f2ac08d0e876?s=96&d=mm&r=g","caption":"Ten Cel Amaral"},"url":"https:\/\/www.aocbmma.com.br\/index.php\/author\/islandy-amaral\/"}]}},"_links":{"self":[{"href":"https:\/\/www.aocbmma.com.br\/index.php\/wp-json\/wp\/v2\/posts\/412","targetHints":{"allow":["GET"]}}],"collection":[{"href":"https:\/\/www.aocbmma.com.br\/index.php\/wp-json\/wp\/v2\/posts"}],"about":[{"href":"https:\/\/www.aocbmma.com.br\/index.php\/wp-json\/wp\/v2\/types\/post"}],"author":[{"embeddable":true,"href":"https:\/\/www.aocbmma.com.br\/index.php\/wp-json\/wp\/v2\/users\/2"}],"replies":[{"embeddable":true,"href":"https:\/\/www.aocbmma.com.br\/index.php\/wp-json\/wp\/v2\/comments?post=412"}],"version-history":[{"count":1,"href":"https:\/\/www.aocbmma.com.br\/index.php\/wp-json\/wp\/v2\/posts\/412\/revisions"}],"predecessor-version":[{"id":414,"href":"https:\/\/www.aocbmma.com.br\/index.php\/wp-json\/wp\/v2\/posts\/412\/revisions\/414"}],"wp:featuredmedia":[{"embeddable":true,"href":"https:\/\/www.aocbmma.com.br\/index.php\/wp-json\/wp\/v2\/media\/419"}],"wp:attachment":[{"href":"https:\/\/www.aocbmma.com.br\/index.php\/wp-json\/wp\/v2\/media?parent=412"}],"wp:term":[{"taxonomy":"category","embeddable":true,"href":"https:\/\/www.aocbmma.com.br\/index.php\/wp-json\/wp\/v2\/categories?post=412"},{"taxonomy":"post_tag","embeddable":true,"href":"https:\/\/www.aocbmma.com.br\/index.php\/wp-json\/wp\/v2\/tags?post=412"}],"curies":[{"name":"wp","href":"https:\/\/api.w.org\/{rel}","templated":true}]}}