{"id":23,"date":"2019-04-20T22:08:22","date_gmt":"2019-04-21T01:08:22","guid":{"rendered":"http:\/\/127.0.0.1\/?p=23"},"modified":"2019-04-26T09:59:20","modified_gmt":"2019-04-26T12:59:20","slug":"reuniao-do-conselho-administrativo-do-fundo-estadual-de-pensao-e-aposentadoria","status":"publish","type":"post","link":"https:\/\/www.aocbmma.com.br\/index.php\/2019\/04\/20\/reuniao-do-conselho-administrativo-do-fundo-estadual-de-pensao-e-aposentadoria\/","title":{"rendered":"Reuni\u00e3o do Conselho Administrativo do Fundo Estadual de Pens\u00e3o e Aposentadoria"},"content":{"rendered":"<p>O Conselho Administrativo do Fundo Estadual de Pens\u00e3o e Aposentadoria (CONFEPA) integra a estrutura administrativa do Instituto de Previd\u00eancia dos Servidores do Estado do Maranh\u00e3o (IPREV) e trata sobre decis\u00f5es estrat\u00e9gicas acerca da aplica\u00e7\u00e3o dos recursos do Fundo Estadual de Pens\u00e3o e Aposentadoria (FEPA), que armazena os recursos destinados ao pagamento de benef\u00edcios previdenci\u00e1rios como aposentadoria e pens\u00e3o para os servidores p\u00fablicos do Estado do Maranh\u00e3o. <!--more-->O conselho tem como Presidente o Senhor Joel Fernando Benin que tamb\u00e9m o \u00e9 do Instituto de Previd\u00eancia do Estado do Maranh\u00e3o.<\/p>\n<p>Como parte integrante do processo de aplicar os recursos do Fundo Estadual de Pens\u00e3o e Aposentadoria (FEPA), rentabilizar os ativos imobili\u00e1rios ou realizar estudos diagn\u00f3sticos, cabe ao CONFEPA parcela significativa das decis\u00f5es com impacto na valoriza\u00e7\u00e3o dos recursos da Previd\u00eancia, justificando assim a sua composi\u00e7\u00e3o parit\u00e1ria, formada tanto por integrantes do Governo, quanto por representantes dos servidores p\u00fablicos. A representa\u00e7\u00e3o dos militares \u00e9 pela Associa\u00e7\u00e3o do Oficiais do CBMMA.<\/p>\n<p><strong>Resumo da reuni\u00e3o do CONFEPA em 17.04.2019<\/strong><\/p>\n<ol start=\"4\">\n<li><strong>a) Foram empossados novos conselheiros<\/strong>. <strong>b)<\/strong> <strong>Aprova\u00e7\u00e3o da ata da reuni\u00e3o do dia 04.12.2018 que entre outros pontos consta<\/strong>: 1. A Pol\u00edtica Anual de Investimento cujo principal objetivo \u00e9 o de estabelecer diretrizes e linhas gerais referentes \u00e0 gest\u00e3o de recursos do FEPA. 2. Apresenta\u00e7\u00e3o do resultado do Estudo Atuarial do Regime Pr\u00f3prio de Previd\u00eancia Social (RPPS) do Maranh\u00e3o 2018, pelo Sr. Felipe Araldi, representante do Banco do Brasil que fora contratado pelo IPREV tendo apresentado alternativas mais utilizadas para redu\u00e7\u00e3o do d\u00e9ficit atuarial e financeiro, tais como, altera\u00e7\u00e3o nas regras de concess\u00e3o de pens\u00e3o, Plano Previdenci\u00e1rio, Plano de Equacionamento do D\u00e9ficit, alternativas a revis\u00e3o das al\u00edquotas de contribui\u00e7\u00e3o (elevar a al\u00edquota atual em mais 30%), revis\u00e3o da segrega\u00e7\u00e3o de massa com transfer\u00eancia de im\u00f3veis e implementa\u00e7\u00e3o de Previd\u00eancia Complementar. 3. Atualiza\u00e7\u00e3o dos ativos imobili\u00e1rios, em que est\u00e1 sendo feito um estudo de avalia\u00e7\u00e3o dos im\u00f3veis com apoio operacional da SINFRA para atualizar medi\u00e7\u00e3o e valor, atrav\u00e9s de um processo de georreferenciamento, os im\u00f3veis apresentam custo de manuten\u00e7\u00e3o para o Estado, frisando a necessidade de o CONFEPA deliberar sobre a aliena\u00e7\u00e3o dos im\u00f3veis para que possa gerar capitaliza\u00e7\u00e3o para o Fundo. <strong>c) Pronunciamento quanto a presta\u00e7\u00e3o de contas do FEPA<\/strong>: Foi apresentado o resumo e informado o seu envio ao Tribunal de Contas para aprova\u00e7\u00e3o. <strong>d) Atualiza\u00e7\u00e3o sobre os ativos imobili\u00e1rios: <\/strong>Falou-se da necessidade de monetiza\u00e7\u00e3o de im\u00f3veis urgentemente, tendo em vista pol\u00edtica de gest\u00e3o imobili\u00e1ria (alugueis, venda de im\u00f3veis, PPP, permutas e fundos imobili\u00e1rios). O presidente do IPREV indicou a necessidade de proposta de resolu\u00e7\u00e3o para amplia\u00e7\u00e3o dos ativos (aliena\u00e7\u00e3o). Os lotes dos im\u00f3veis com a documenta\u00e7\u00e3o completa, que o conselho autorizasse sua ida para o governo e depois para a assembleia legislativa para autoriza\u00e7\u00e3o. Sendo que para as parcerias somente existe a necessidade de autoriza\u00e7\u00e3o do conselho que poderia gerar a aplica\u00e7\u00e3o de 1 milh\u00e3o de reais para o fundo. <strong>e) Contrata\u00e7\u00e3o de estudo atuarial pelo Banco do Brasil:<\/strong> Avalia\u00e7\u00e3o da massa de segurados na refer\u00eancia o ano de 2019.<\/li>\n<\/ol>\n<p>O representante dos servidores ativos relatou a necessidade de publicitar aos servidores a real situa\u00e7\u00e3o da previd\u00eancia e o caminho que se busca para suprir o d\u00e9ficit hoje existente (R$ 583 milh\u00f5es de reais aproximadamente). D\u00e9ficit que pode se agravar com a reforma da previd\u00eancia. O governo deveria colocar de forma bem clara a realidade atual, uma clareza da situa\u00e7\u00e3o atual do FEPA e assim caminha para solucionar isso. O presidente do IPREV indicou que a reforma da previd\u00eancia \u00e9 nacional e qualquer movimento de reforma local no Estado n\u00e3o teria nenhum efeito. Disse ainda que existe j\u00e1 existe abertura para as discuss\u00f5es e como sugest\u00e3o, a cria\u00e7\u00e3o de comiss\u00e3o para semin\u00e1rios e debates locais. O presidente do IPREV informou resumidamente que para os trabalhos em 2019 est\u00e3o: ajustes na lei do IPREV, monetiza\u00e7\u00e3o de ativos imobili\u00e1rios, recadastramento em prova de vida dos inativos, implementa\u00e7\u00e3o do CONFIS (Conselho Fiscal do Fundo Estadual de Pens\u00e3o e Aposentadoria), novos estudos sobre ajustes atuarial e acompanhamento de debates da previd\u00eancia. Finalizando a reuni\u00e3o por propostas dos conselheiros foram criadas as comiss\u00f5es para: acompanhar a reforma da previd\u00eancia, organiza\u00e7\u00e3o de semin\u00e1rio e ajustes na legisla\u00e7\u00e3o do IPREV.<\/p>\n<p>Islandy Mat\u00f5es <strong>Amaral<\/strong> \u2013 Tenente Coronel Bombeiro Militar &#8211;\u00a0Diretor Presidente AOCBMMA<\/p>\n","protected":false},"excerpt":{"rendered":"<p>O Conselho Administrativo do Fundo Estadual de Pens\u00e3o e Aposentadoria (CONFEPA) integra a estrutura administrativa do Instituto de Previd\u00eancia dos Servidores do Estado do Maranh\u00e3o (IPREV) e trata sobre decis\u00f5es estrat\u00e9gicas acerca da aplica\u00e7\u00e3o dos recursos do Fundo Estadual de Pens\u00e3o e Aposentadoria (FEPA), que armazena os recursos destinados ao pagamento de benef\u00edcios previdenci\u00e1rios como [&hellip;]<\/p>\n","protected":false},"author":2,"featured_media":24,"comment_status":"open","ping_status":"open","sticky":false,"template":"","format":"standard","meta":{"om_disable_all_campaigns":false,"_monsterinsights_skip_tracking":false,"_monsterinsights_sitenote_active":false,"_monsterinsights_sitenote_note":"","_monsterinsights_sitenote_category":0,"footnotes":""},"categories":[2],"tags":[],"class_list":["post-23","post","type-post","status-publish","format-standard","has-post-thumbnail","hentry","category-noticia"],"aioseo_notices":[],"yoast_head":"<!-- This site is optimized with the Yoast SEO plugin v27.4 - https:\/\/yoast.com\/product\/yoast-seo-wordpress\/ -->\n<title>Reuni\u00e3o do Conselho Administrativo do Fundo Estadual de Pens\u00e3o e Aposentadoria | AOCBMMA | Associa\u00e7\u00e3o dos Oficiais do Corpo de Bombeiros Militar do Maranh\u00e3o<\/title>\n<meta name=\"robots\" content=\"index, follow, max-snippet:-1, max-image-preview:large, max-video-preview:-1\" \/>\n<link rel=\"canonical\" href=\"https:\/\/www.aocbmma.com.br\/index.php\/2019\/04\/20\/reuniao-do-conselho-administrativo-do-fundo-estadual-de-pensao-e-aposentadoria\/\" \/>\n<meta property=\"og:locale\" content=\"pt_BR\" \/>\n<meta property=\"og:type\" content=\"article\" \/>\n<meta property=\"og:title\" content=\"Reuni\u00e3o do Conselho Administrativo do Fundo Estadual de Pens\u00e3o e Aposentadoria | AOCBMMA | Associa\u00e7\u00e3o dos Oficiais do Corpo de Bombeiros Militar do Maranh\u00e3o\" \/>\n<meta property=\"og:description\" content=\"O Conselho Administrativo do Fundo Estadual de Pens\u00e3o e Aposentadoria (CONFEPA) integra a estrutura administrativa do Instituto de Previd\u00eancia dos Servidores do Estado do Maranh\u00e3o (IPREV) e trata sobre decis\u00f5es estrat\u00e9gicas acerca da aplica\u00e7\u00e3o dos recursos do Fundo Estadual de Pens\u00e3o e Aposentadoria (FEPA), que armazena os recursos destinados ao pagamento de benef\u00edcios previdenci\u00e1rios como [&hellip;]\" \/>\n<meta property=\"og:url\" content=\"https:\/\/www.aocbmma.com.br\/index.php\/2019\/04\/20\/reuniao-do-conselho-administrativo-do-fundo-estadual-de-pensao-e-aposentadoria\/\" \/>\n<meta property=\"og:site_name\" content=\"AOCBMMA | Associa\u00e7\u00e3o dos Oficiais do Corpo de Bombeiros Militar do Maranh\u00e3o\" \/>\n<meta property=\"article:publisher\" content=\"https:\/\/www.facebook.com\/cobm.ma\" \/>\n<meta property=\"article:published_time\" content=\"2019-04-21T01:08:22+00:00\" \/>\n<meta property=\"article:modified_time\" content=\"2019-04-26T12:59:20+00:00\" \/>\n<meta property=\"og:image\" content=\"https:\/\/www.aocbmma.com.br\/wp-content\/uploads\/2019\/04\/foto-gov.jpg\" \/>\n\t<meta property=\"og:image:width\" content=\"706\" \/>\n\t<meta property=\"og:image:height\" content=\"470\" \/>\n\t<meta property=\"og:image:type\" content=\"image\/jpeg\" \/>\n<meta name=\"author\" content=\"Ten Cel Amaral\" \/>\n<meta name=\"twitter:card\" content=\"summary_large_image\" \/>\n<meta name=\"twitter:label1\" content=\"Escrito por\" \/>\n\t<meta name=\"twitter:data1\" content=\"Ten Cel Amaral\" \/>\n\t<meta name=\"twitter:label2\" content=\"Est. tempo de leitura\" \/>\n\t<meta name=\"twitter:data2\" content=\"4 minutos\" \/>\n<script type=\"application\/ld+json\" class=\"yoast-schema-graph\">{\"@context\":\"https:\\\/\\\/schema.org\",\"@graph\":[{\"@type\":\"Article\",\"@id\":\"https:\\\/\\\/www.aocbmma.com.br\\\/index.php\\\/2019\\\/04\\\/20\\\/reuniao-do-conselho-administrativo-do-fundo-estadual-de-pensao-e-aposentadoria\\\/#article\",\"isPartOf\":{\"@id\":\"https:\\\/\\\/www.aocbmma.com.br\\\/index.php\\\/2019\\\/04\\\/20\\\/reuniao-do-conselho-administrativo-do-fundo-estadual-de-pensao-e-aposentadoria\\\/\"},\"author\":{\"name\":\"Ten Cel Amaral\",\"@id\":\"https:\\\/\\\/www.aocbmma.com.br\\\/#\\\/schema\\\/person\\\/3a5b5960a795551100cb7a13b2af62bc\"},\"headline\":\"Reuni\u00e3o do Conselho Administrativo do Fundo Estadual de Pens\u00e3o e Aposentadoria\",\"datePublished\":\"2019-04-21T01:08:22+00:00\",\"dateModified\":\"2019-04-26T12:59:20+00:00\",\"mainEntityOfPage\":{\"@id\":\"https:\\\/\\\/www.aocbmma.com.br\\\/index.php\\\/2019\\\/04\\\/20\\\/reuniao-do-conselho-administrativo-do-fundo-estadual-de-pensao-e-aposentadoria\\\/\"},\"wordCount\":810,\"commentCount\":0,\"publisher\":{\"@id\":\"https:\\\/\\\/www.aocbmma.com.br\\\/#organization\"},\"image\":{\"@id\":\"https:\\\/\\\/www.aocbmma.com.br\\\/index.php\\\/2019\\\/04\\\/20\\\/reuniao-do-conselho-administrativo-do-fundo-estadual-de-pensao-e-aposentadoria\\\/#primaryimage\"},\"thumbnailUrl\":\"https:\\\/\\\/www.aocbmma.com.br\\\/wp-content\\\/uploads\\\/2019\\\/04\\\/foto-gov.jpg\",\"articleSection\":[\"not\u00edcia\"],\"inLanguage\":\"pt-BR\",\"potentialAction\":[{\"@type\":\"CommentAction\",\"name\":\"Comment\",\"target\":[\"https:\\\/\\\/www.aocbmma.com.br\\\/index.php\\\/2019\\\/04\\\/20\\\/reuniao-do-conselho-administrativo-do-fundo-estadual-de-pensao-e-aposentadoria\\\/#respond\"]}]},{\"@type\":\"WebPage\",\"@id\":\"https:\\\/\\\/www.aocbmma.com.br\\\/index.php\\\/2019\\\/04\\\/20\\\/reuniao-do-conselho-administrativo-do-fundo-estadual-de-pensao-e-aposentadoria\\\/\",\"url\":\"https:\\\/\\\/www.aocbmma.com.br\\\/index.php\\\/2019\\\/04\\\/20\\\/reuniao-do-conselho-administrativo-do-fundo-estadual-de-pensao-e-aposentadoria\\\/\",\"name\":\"Reuni\u00e3o do Conselho Administrativo do Fundo Estadual de Pens\u00e3o e Aposentadoria | AOCBMMA | Associa\u00e7\u00e3o dos Oficiais do Corpo de Bombeiros Militar do Maranh\u00e3o\",\"isPartOf\":{\"@id\":\"https:\\\/\\\/www.aocbmma.com.br\\\/#website\"},\"primaryImageOfPage\":{\"@id\":\"https:\\\/\\\/www.aocbmma.com.br\\\/index.php\\\/2019\\\/04\\\/20\\\/reuniao-do-conselho-administrativo-do-fundo-estadual-de-pensao-e-aposentadoria\\\/#primaryimage\"},\"image\":{\"@id\":\"https:\\\/\\\/www.aocbmma.com.br\\\/index.php\\\/2019\\\/04\\\/20\\\/reuniao-do-conselho-administrativo-do-fundo-estadual-de-pensao-e-aposentadoria\\\/#primaryimage\"},\"thumbnailUrl\":\"https:\\\/\\\/www.aocbmma.com.br\\\/wp-content\\\/uploads\\\/2019\\\/04\\\/foto-gov.jpg\",\"datePublished\":\"2019-04-21T01:08:22+00:00\",\"dateModified\":\"2019-04-26T12:59:20+00:00\",\"breadcrumb\":{\"@id\":\"https:\\\/\\\/www.aocbmma.com.br\\\/index.php\\\/2019\\\/04\\\/20\\\/reuniao-do-conselho-administrativo-do-fundo-estadual-de-pensao-e-aposentadoria\\\/#breadcrumb\"},\"inLanguage\":\"pt-BR\",\"potentialAction\":[{\"@type\":\"ReadAction\",\"target\":[\"https:\\\/\\\/www.aocbmma.com.br\\\/index.php\\\/2019\\\/04\\\/20\\\/reuniao-do-conselho-administrativo-do-fundo-estadual-de-pensao-e-aposentadoria\\\/\"]}]},{\"@type\":\"ImageObject\",\"inLanguage\":\"pt-BR\",\"@id\":\"https:\\\/\\\/www.aocbmma.com.br\\\/index.php\\\/2019\\\/04\\\/20\\\/reuniao-do-conselho-administrativo-do-fundo-estadual-de-pensao-e-aposentadoria\\\/#primaryimage\",\"url\":\"https:\\\/\\\/www.aocbmma.com.br\\\/wp-content\\\/uploads\\\/2019\\\/04\\\/foto-gov.jpg\",\"contentUrl\":\"https:\\\/\\\/www.aocbmma.com.br\\\/wp-content\\\/uploads\\\/2019\\\/04\\\/foto-gov.jpg\",\"width\":706,\"height\":470},{\"@type\":\"BreadcrumbList\",\"@id\":\"https:\\\/\\\/www.aocbmma.com.br\\\/index.php\\\/2019\\\/04\\\/20\\\/reuniao-do-conselho-administrativo-do-fundo-estadual-de-pensao-e-aposentadoria\\\/#breadcrumb\",\"itemListElement\":[{\"@type\":\"ListItem\",\"position\":1,\"name\":\"In\u00edcio\",\"item\":\"https:\\\/\\\/www.aocbmma.com.br\\\/\"},{\"@type\":\"ListItem\",\"position\":2,\"name\":\"Reuni\u00e3o do Conselho Administrativo do Fundo Estadual de Pens\u00e3o e Aposentadoria\"}]},{\"@type\":\"WebSite\",\"@id\":\"https:\\\/\\\/www.aocbmma.com.br\\\/#website\",\"url\":\"https:\\\/\\\/www.aocbmma.com.br\\\/\",\"name\":\"AOCBMMA\",\"description\":\"\",\"publisher\":{\"@id\":\"https:\\\/\\\/www.aocbmma.com.br\\\/#organization\"},\"potentialAction\":[{\"@type\":\"SearchAction\",\"target\":{\"@type\":\"EntryPoint\",\"urlTemplate\":\"https:\\\/\\\/www.aocbmma.com.br\\\/?s={search_term_string}\"},\"query-input\":{\"@type\":\"PropertyValueSpecification\",\"valueRequired\":true,\"valueName\":\"search_term_string\"}}],\"inLanguage\":\"pt-BR\"},{\"@type\":\"Organization\",\"@id\":\"https:\\\/\\\/www.aocbmma.com.br\\\/#organization\",\"name\":\"Associa\u00e7\u00e3o dos Oficiais do Corpo de Bombeiros Militar do Maranh\u00e3o\",\"url\":\"https:\\\/\\\/www.aocbmma.com.br\\\/\",\"logo\":{\"@type\":\"ImageObject\",\"inLanguage\":\"pt-BR\",\"@id\":\"https:\\\/\\\/www.aocbmma.com.br\\\/#\\\/schema\\\/logo\\\/image\\\/\",\"url\":\"https:\\\/\\\/www.aocbmma.com.br\\\/wp-content\\\/uploads\\\/2019\\\/05\\\/brasao-grande.png\",\"contentUrl\":\"https:\\\/\\\/www.aocbmma.com.br\\\/wp-content\\\/uploads\\\/2019\\\/05\\\/brasao-grande.png\",\"width\":1154,\"height\":1155,\"caption\":\"Associa\u00e7\u00e3o dos Oficiais do Corpo de Bombeiros Militar do Maranh\u00e3o\"},\"image\":{\"@id\":\"https:\\\/\\\/www.aocbmma.com.br\\\/#\\\/schema\\\/logo\\\/image\\\/\"},\"sameAs\":[\"https:\\\/\\\/www.facebook.com\\\/cobm.ma\"]},{\"@type\":\"Person\",\"@id\":\"https:\\\/\\\/www.aocbmma.com.br\\\/#\\\/schema\\\/person\\\/3a5b5960a795551100cb7a13b2af62bc\",\"name\":\"Ten Cel Amaral\",\"image\":{\"@type\":\"ImageObject\",\"inLanguage\":\"pt-BR\",\"@id\":\"https:\\\/\\\/secure.gravatar.com\\\/avatar\\\/f44c085a01cf95e6ba3ee56dec104296bc4b83485275c61cc9e1f2ac08d0e876?s=96&d=mm&r=g\",\"url\":\"https:\\\/\\\/secure.gravatar.com\\\/avatar\\\/f44c085a01cf95e6ba3ee56dec104296bc4b83485275c61cc9e1f2ac08d0e876?s=96&d=mm&r=g\",\"contentUrl\":\"https:\\\/\\\/secure.gravatar.com\\\/avatar\\\/f44c085a01cf95e6ba3ee56dec104296bc4b83485275c61cc9e1f2ac08d0e876?s=96&d=mm&r=g\",\"caption\":\"Ten Cel Amaral\"},\"url\":\"https:\\\/\\\/www.aocbmma.com.br\\\/index.php\\\/author\\\/islandy-amaral\\\/\"}]}<\/script>\n<!-- \/ Yoast SEO plugin. -->","yoast_head_json":{"title":"Reuni\u00e3o do Conselho Administrativo do Fundo Estadual de Pens\u00e3o e Aposentadoria | AOCBMMA | Associa\u00e7\u00e3o dos Oficiais do Corpo de Bombeiros Militar do Maranh\u00e3o","robots":{"index":"index","follow":"follow","max-snippet":"max-snippet:-1","max-image-preview":"max-image-preview:large","max-video-preview":"max-video-preview:-1"},"canonical":"https:\/\/www.aocbmma.com.br\/index.php\/2019\/04\/20\/reuniao-do-conselho-administrativo-do-fundo-estadual-de-pensao-e-aposentadoria\/","og_locale":"pt_BR","og_type":"article","og_title":"Reuni\u00e3o do Conselho Administrativo do Fundo Estadual de Pens\u00e3o e Aposentadoria | AOCBMMA | Associa\u00e7\u00e3o dos Oficiais do Corpo de Bombeiros Militar do Maranh\u00e3o","og_description":"O Conselho Administrativo do Fundo Estadual de Pens\u00e3o e Aposentadoria (CONFEPA) integra a estrutura administrativa do Instituto de Previd\u00eancia dos Servidores do Estado do Maranh\u00e3o (IPREV) e trata sobre decis\u00f5es estrat\u00e9gicas acerca da aplica\u00e7\u00e3o dos recursos do Fundo Estadual de Pens\u00e3o e Aposentadoria (FEPA), que armazena os recursos destinados ao pagamento de benef\u00edcios previdenci\u00e1rios como [&hellip;]","og_url":"https:\/\/www.aocbmma.com.br\/index.php\/2019\/04\/20\/reuniao-do-conselho-administrativo-do-fundo-estadual-de-pensao-e-aposentadoria\/","og_site_name":"AOCBMMA | Associa\u00e7\u00e3o dos Oficiais do Corpo de Bombeiros Militar do Maranh\u00e3o","article_publisher":"https:\/\/www.facebook.com\/cobm.ma","article_published_time":"2019-04-21T01:08:22+00:00","article_modified_time":"2019-04-26T12:59:20+00:00","og_image":[{"width":706,"height":470,"url":"https:\/\/www.aocbmma.com.br\/wp-content\/uploads\/2019\/04\/foto-gov.jpg","type":"image\/jpeg"}],"author":"Ten Cel Amaral","twitter_card":"summary_large_image","twitter_misc":{"Escrito por":"Ten Cel Amaral","Est. tempo de leitura":"4 minutos"},"schema":{"@context":"https:\/\/schema.org","@graph":[{"@type":"Article","@id":"https:\/\/www.aocbmma.com.br\/index.php\/2019\/04\/20\/reuniao-do-conselho-administrativo-do-fundo-estadual-de-pensao-e-aposentadoria\/#article","isPartOf":{"@id":"https:\/\/www.aocbmma.com.br\/index.php\/2019\/04\/20\/reuniao-do-conselho-administrativo-do-fundo-estadual-de-pensao-e-aposentadoria\/"},"author":{"name":"Ten Cel Amaral","@id":"https:\/\/www.aocbmma.com.br\/#\/schema\/person\/3a5b5960a795551100cb7a13b2af62bc"},"headline":"Reuni\u00e3o do Conselho Administrativo do Fundo Estadual de Pens\u00e3o e Aposentadoria","datePublished":"2019-04-21T01:08:22+00:00","dateModified":"2019-04-26T12:59:20+00:00","mainEntityOfPage":{"@id":"https:\/\/www.aocbmma.com.br\/index.php\/2019\/04\/20\/reuniao-do-conselho-administrativo-do-fundo-estadual-de-pensao-e-aposentadoria\/"},"wordCount":810,"commentCount":0,"publisher":{"@id":"https:\/\/www.aocbmma.com.br\/#organization"},"image":{"@id":"https:\/\/www.aocbmma.com.br\/index.php\/2019\/04\/20\/reuniao-do-conselho-administrativo-do-fundo-estadual-de-pensao-e-aposentadoria\/#primaryimage"},"thumbnailUrl":"https:\/\/www.aocbmma.com.br\/wp-content\/uploads\/2019\/04\/foto-gov.jpg","articleSection":["not\u00edcia"],"inLanguage":"pt-BR","potentialAction":[{"@type":"CommentAction","name":"Comment","target":["https:\/\/www.aocbmma.com.br\/index.php\/2019\/04\/20\/reuniao-do-conselho-administrativo-do-fundo-estadual-de-pensao-e-aposentadoria\/#respond"]}]},{"@type":"WebPage","@id":"https:\/\/www.aocbmma.com.br\/index.php\/2019\/04\/20\/reuniao-do-conselho-administrativo-do-fundo-estadual-de-pensao-e-aposentadoria\/","url":"https:\/\/www.aocbmma.com.br\/index.php\/2019\/04\/20\/reuniao-do-conselho-administrativo-do-fundo-estadual-de-pensao-e-aposentadoria\/","name":"Reuni\u00e3o do Conselho Administrativo do Fundo Estadual de Pens\u00e3o e Aposentadoria | AOCBMMA | Associa\u00e7\u00e3o dos Oficiais do Corpo de Bombeiros Militar do Maranh\u00e3o","isPartOf":{"@id":"https:\/\/www.aocbmma.com.br\/#website"},"primaryImageOfPage":{"@id":"https:\/\/www.aocbmma.com.br\/index.php\/2019\/04\/20\/reuniao-do-conselho-administrativo-do-fundo-estadual-de-pensao-e-aposentadoria\/#primaryimage"},"image":{"@id":"https:\/\/www.aocbmma.com.br\/index.php\/2019\/04\/20\/reuniao-do-conselho-administrativo-do-fundo-estadual-de-pensao-e-aposentadoria\/#primaryimage"},"thumbnailUrl":"https:\/\/www.aocbmma.com.br\/wp-content\/uploads\/2019\/04\/foto-gov.jpg","datePublished":"2019-04-21T01:08:22+00:00","dateModified":"2019-04-26T12:59:20+00:00","breadcrumb":{"@id":"https:\/\/www.aocbmma.com.br\/index.php\/2019\/04\/20\/reuniao-do-conselho-administrativo-do-fundo-estadual-de-pensao-e-aposentadoria\/#breadcrumb"},"inLanguage":"pt-BR","potentialAction":[{"@type":"ReadAction","target":["https:\/\/www.aocbmma.com.br\/index.php\/2019\/04\/20\/reuniao-do-conselho-administrativo-do-fundo-estadual-de-pensao-e-aposentadoria\/"]}]},{"@type":"ImageObject","inLanguage":"pt-BR","@id":"https:\/\/www.aocbmma.com.br\/index.php\/2019\/04\/20\/reuniao-do-conselho-administrativo-do-fundo-estadual-de-pensao-e-aposentadoria\/#primaryimage","url":"https:\/\/www.aocbmma.com.br\/wp-content\/uploads\/2019\/04\/foto-gov.jpg","contentUrl":"https:\/\/www.aocbmma.com.br\/wp-content\/uploads\/2019\/04\/foto-gov.jpg","width":706,"height":470},{"@type":"BreadcrumbList","@id":"https:\/\/www.aocbmma.com.br\/index.php\/2019\/04\/20\/reuniao-do-conselho-administrativo-do-fundo-estadual-de-pensao-e-aposentadoria\/#breadcrumb","itemListElement":[{"@type":"ListItem","position":1,"name":"In\u00edcio","item":"https:\/\/www.aocbmma.com.br\/"},{"@type":"ListItem","position":2,"name":"Reuni\u00e3o do Conselho Administrativo do Fundo Estadual de Pens\u00e3o e Aposentadoria"}]},{"@type":"WebSite","@id":"https:\/\/www.aocbmma.com.br\/#website","url":"https:\/\/www.aocbmma.com.br\/","name":"AOCBMMA","description":"","publisher":{"@id":"https:\/\/www.aocbmma.com.br\/#organization"},"potentialAction":[{"@type":"SearchAction","target":{"@type":"EntryPoint","urlTemplate":"https:\/\/www.aocbmma.com.br\/?s={search_term_string}"},"query-input":{"@type":"PropertyValueSpecification","valueRequired":true,"valueName":"search_term_string"}}],"inLanguage":"pt-BR"},{"@type":"Organization","@id":"https:\/\/www.aocbmma.com.br\/#organization","name":"Associa\u00e7\u00e3o dos Oficiais do Corpo de Bombeiros Militar do Maranh\u00e3o","url":"https:\/\/www.aocbmma.com.br\/","logo":{"@type":"ImageObject","inLanguage":"pt-BR","@id":"https:\/\/www.aocbmma.com.br\/#\/schema\/logo\/image\/","url":"https:\/\/www.aocbmma.com.br\/wp-content\/uploads\/2019\/05\/brasao-grande.png","contentUrl":"https:\/\/www.aocbmma.com.br\/wp-content\/uploads\/2019\/05\/brasao-grande.png","width":1154,"height":1155,"caption":"Associa\u00e7\u00e3o dos Oficiais do Corpo de Bombeiros Militar do Maranh\u00e3o"},"image":{"@id":"https:\/\/www.aocbmma.com.br\/#\/schema\/logo\/image\/"},"sameAs":["https:\/\/www.facebook.com\/cobm.ma"]},{"@type":"Person","@id":"https:\/\/www.aocbmma.com.br\/#\/schema\/person\/3a5b5960a795551100cb7a13b2af62bc","name":"Ten Cel Amaral","image":{"@type":"ImageObject","inLanguage":"pt-BR","@id":"https:\/\/secure.gravatar.com\/avatar\/f44c085a01cf95e6ba3ee56dec104296bc4b83485275c61cc9e1f2ac08d0e876?s=96&d=mm&r=g","url":"https:\/\/secure.gravatar.com\/avatar\/f44c085a01cf95e6ba3ee56dec104296bc4b83485275c61cc9e1f2ac08d0e876?s=96&d=mm&r=g","contentUrl":"https:\/\/secure.gravatar.com\/avatar\/f44c085a01cf95e6ba3ee56dec104296bc4b83485275c61cc9e1f2ac08d0e876?s=96&d=mm&r=g","caption":"Ten Cel Amaral"},"url":"https:\/\/www.aocbmma.com.br\/index.php\/author\/islandy-amaral\/"}]}},"_links":{"self":[{"href":"https:\/\/www.aocbmma.com.br\/index.php\/wp-json\/wp\/v2\/posts\/23","targetHints":{"allow":["GET"]}}],"collection":[{"href":"https:\/\/www.aocbmma.com.br\/index.php\/wp-json\/wp\/v2\/posts"}],"about":[{"href":"https:\/\/www.aocbmma.com.br\/index.php\/wp-json\/wp\/v2\/types\/post"}],"author":[{"embeddable":true,"href":"https:\/\/www.aocbmma.com.br\/index.php\/wp-json\/wp\/v2\/users\/2"}],"replies":[{"embeddable":true,"href":"https:\/\/www.aocbmma.com.br\/index.php\/wp-json\/wp\/v2\/comments?post=23"}],"version-history":[{"count":3,"href":"https:\/\/www.aocbmma.com.br\/index.php\/wp-json\/wp\/v2\/posts\/23\/revisions"}],"predecessor-version":[{"id":27,"href":"https:\/\/www.aocbmma.com.br\/index.php\/wp-json\/wp\/v2\/posts\/23\/revisions\/27"}],"wp:featuredmedia":[{"embeddable":true,"href":"https:\/\/www.aocbmma.com.br\/index.php\/wp-json\/wp\/v2\/media\/24"}],"wp:attachment":[{"href":"https:\/\/www.aocbmma.com.br\/index.php\/wp-json\/wp\/v2\/media?parent=23"}],"wp:term":[{"taxonomy":"category","embeddable":true,"href":"https:\/\/www.aocbmma.com.br\/index.php\/wp-json\/wp\/v2\/categories?post=23"},{"taxonomy":"post_tag","embeddable":true,"href":"https:\/\/www.aocbmma.com.br\/index.php\/wp-json\/wp\/v2\/tags?post=23"}],"curies":[{"name":"wp","href":"https:\/\/api.w.org\/{rel}","templated":true}]}}